{"id":309014,"date":"2025-09-16T13:54:07","date_gmt":"2025-09-16T11:54:07","guid":{"rendered":"https:\/\/www.evearly.news\/fr\/opel-de-belles-promos-sur-les-nouveaux-suv-electriques\/"},"modified":"2025-09-16T13:54:07","modified_gmt":"2025-09-16T11:54:07","slug":"opel-de-belles-promos-sur-les-nouveaux-suv-electriques","status":"publish","type":"post","link":"https:\/\/www.evearly.news\/fr\/opel-de-belles-promos-sur-les-nouveaux-suv-electriques\/","title":{"rendered":"Opel : de belles promos sur les nouveaux SUV \u00e9lectriques"},"content":{"rendered":"<p><img loading=\"lazy\" decoding=\"async\" width=\"500\" height=\"333\" src=\"https:\/\/cdn.automobile-propre.com\/uploads\/2024\/05\/Nouveau-Opel-Grandland-e\u0301lectrique-9.jpg\" class=\"attachment-1200x800 size-1200x800 wp-post-image\" alt=\"\" srcset=\"https:\/\/cdn.automobile-propre.com\/uploads\/2024\/05\/Nouveau-Opel-Grandland-e\u0301lectrique-9.jpg 1920w, https:\/\/cdn.automobile-propre.com\/uploads\/2024\/05\/Nouveau-Opel-Grandland-e\u0301lectrique-9-1640x923.jpg 1640w, https:\/\/cdn.automobile-propre.com\/uploads\/2024\/05\/Nouveau-Opel-Grandland-e\u0301lectrique-9-1024x576.jpg 1024w, https:\/\/cdn.automobile-propre.com\/uploads\/2024\/05\/Nouveau-Opel-Grandland-e\u0301lectrique-9-768x432.jpg 768w, https:\/\/cdn.automobile-propre.com\/uploads\/2024\/05\/Nouveau-Opel-Grandland-e\u0301lectrique-9-1536x864.jpg 1536w, https:\/\/cdn.automobile-propre.com\/uploads\/2024\/05\/Nouveau-Opel-Grandland-e\u0301lectrique-9-620x349.jpg 620w\" sizes=\"auto, (max-width: 1200px) 100vw, 1200px\" \/><br \/>\nLanc\u00e9s r\u00e9cemment, les Frontera et Grandland \u00e9lectriques profitent d\u00e9j\u00e0 de bonnes remises, qui s&rsquo;ajoutent \u00e0 la prime \u00ab\u00a0coup de pouce\u00a0\u00bb allant jusqu&rsquo;\u00e0 4242 \u20ac.\u00a0<a href=https:\/\/www.automobile-propre.com\/breves\/opel-de-belles-promos-sur-les-nouveaux-suv-electriques\/ target='bwindow'>Lire la suite&#8230;<\/a><\/p>\n","protected":false},"excerpt":{"rendered":"<p>&#8230; <a class=\"continue-reading-link\" href=\"https:\/\/www.evearly.news\/fr\/opel-de-belles-promos-sur-les-nouveaux-suv-electriques\/\"><\/a><\/p>\n","protected":false},"author":8,"featured_media":0,"comment_status":"closed","ping_status":"open","sticky":false,"template":"Default","format":"standard","meta":{"footnotes":""},"categories":[8],"tags":[],"class_list":["post-309014","post","type-post","status-publish","format-standard","hentry","category-automobile-propre"],"_links":{"self":[{"href":"https:\/\/www.evearly.news\/fr\/wp-json\/wp\/v2\/posts\/309014","targetHints":{"allow":["GET"]}}],"collection":[{"href":"https:\/\/www.evearly.news\/fr\/wp-json\/wp\/v2\/posts"}],"about":[{"href":"https:\/\/www.evearly.news\/fr\/wp-json\/wp\/v2\/types\/post"}],"author":[{"embeddable":true,"href":"https:\/\/www.evearly.news\/fr\/wp-json\/wp\/v2\/users\/8"}],"replies":[{"embeddable":true,"href":"https:\/\/www.evearly.news\/fr\/wp-json\/wp\/v2\/comments?post=309014"}],"version-history":[{"count":0,"href":"https:\/\/www.evearly.news\/fr\/wp-json\/wp\/v2\/posts\/309014\/revisions"}],"wp:attachment":[{"href":"https:\/\/www.evearly.news\/fr\/wp-json\/wp\/v2\/media?parent=309014"}],"wp:term":[{"taxonomy":"category","embeddable":true,"href":"https:\/\/www.evearly.news\/fr\/wp-json\/wp\/v2\/categories?post=309014"},{"taxonomy":"post_tag","embeddable":true,"href":"https:\/\/www.evearly.news\/fr\/wp-json\/wp\/v2\/tags?post=309014"}],"curies":[{"name":"wp","href":"https:\/\/api.w.org\/{rel}","templated":true}]}}