{"id":309015,"date":"2025-09-16T14:50:06","date_gmt":"2025-09-16T12:50:06","guid":{"rendered":"https:\/\/www.evearly.news\/fr\/a-peine-presentee-la-peugeot-308-restylee-devoile-ses-prix-avec-une-bonne-surprise\/"},"modified":"2025-09-16T14:50:06","modified_gmt":"2025-09-16T12:50:06","slug":"a-peine-presentee-la-peugeot-308-restylee-devoile-ses-prix-avec-une-bonne-surprise","status":"publish","type":"post","link":"https:\/\/www.evearly.news\/fr\/a-peine-presentee-la-peugeot-308-restylee-devoile-ses-prix-avec-une-bonne-surprise\/","title":{"rendered":"A peine pr\u00e9sent\u00e9e, la Peugeot 308 restyl\u00e9e d\u00e9voile ses prix avec une bonne surprise !"},"content":{"rendered":"<p><img decoding=\"async\" src=\"https:\/\/www.evearly.news\/fr\/wp-content\/uploads\/sites\/6\/2025\/09\/a-peine-presentee-la-peugeot-308-restylee-devoile-ses-prix-avec-une-bonne-surprise.webp\" alt=\"auto-moto\"><br \/>La Peugeot 308 restyl\u00e9e ouvre son carnet de commandes, quelques semaines apr\u00e8s sa pr\u00e9sentation. La compacte sochalienne s\u2019offre une nouvelle face avant et une variante \u00e9lectrique am\u00e9lior\u00e9e, mais sans pour autant faire exploser ses prix, qui \u00e9taient d\u00e9j\u00e0 plut\u00f4t \u00e9lev\u00e9s face \u00e0 la concurrence. <a href=https:\/\/www.auto-moto.com\/prix-du-neuf\/prix-peugeot-308-restylee-64053 target=blank>Lire la suite&#8230;<\/a><\/p>\n","protected":false},"excerpt":{"rendered":"<p>La Peugeot 308 restyl\u00e9e ouvre son carnet de commandes, quelques semaines apr\u00e8s sa pr\u00e9sentation. La compacte sochalienne s\u2019offre une nouvelle face avant et une variante \u00e9lectrique am\u00e9lior\u00e9e, mais sans pour autant faire exploser ses prix, qui \u00e9taient d\u00e9j\u00e0 plut\u00f4t \u00e9lev\u00e9s face \u00e0 la concurrence&#8230;. <a class=\"continue-reading-link\" href=\"https:\/\/www.evearly.news\/fr\/a-peine-presentee-la-peugeot-308-restylee-devoile-ses-prix-avec-une-bonne-surprise\/\"><\/a><\/p>\n","protected":false},"author":9,"featured_media":309016,"comment_status":"closed","ping_status":"open","sticky":false,"template":"Default","format":"standard","meta":{"footnotes":""},"categories":[10],"tags":[],"class_list":["post-309015","post","type-post","status-publish","format-standard","has-post-thumbnail","hentry","category-auto-moto-com"],"_links":{"self":[{"href":"https:\/\/www.evearly.news\/fr\/wp-json\/wp\/v2\/posts\/309015","targetHints":{"allow":["GET"]}}],"collection":[{"href":"https:\/\/www.evearly.news\/fr\/wp-json\/wp\/v2\/posts"}],"about":[{"href":"https:\/\/www.evearly.news\/fr\/wp-json\/wp\/v2\/types\/post"}],"author":[{"embeddable":true,"href":"https:\/\/www.evearly.news\/fr\/wp-json\/wp\/v2\/users\/9"}],"replies":[{"embeddable":true,"href":"https:\/\/www.evearly.news\/fr\/wp-json\/wp\/v2\/comments?post=309015"}],"version-history":[{"count":0,"href":"https:\/\/www.evearly.news\/fr\/wp-json\/wp\/v2\/posts\/309015\/revisions"}],"wp:featuredmedia":[{"embeddable":true,"href":"https:\/\/www.evearly.news\/fr\/wp-json\/wp\/v2\/media\/309016"}],"wp:attachment":[{"href":"https:\/\/www.evearly.news\/fr\/wp-json\/wp\/v2\/media?parent=309015"}],"wp:term":[{"taxonomy":"category","embeddable":true,"href":"https:\/\/www.evearly.news\/fr\/wp-json\/wp\/v2\/categories?post=309015"},{"taxonomy":"post_tag","embeddable":true,"href":"https:\/\/www.evearly.news\/fr\/wp-json\/wp\/v2\/tags?post=309015"}],"curies":[{"name":"wp","href":"https:\/\/api.w.org\/{rel}","templated":true}]}}