{"id":309027,"date":"2025-09-16T17:50:03","date_gmt":"2025-09-16T15:50:03","guid":{"rendered":"https:\/\/www.evearly.news\/fr\/la-renault-4-electrique-des-pros-disponible-a-la-commande-voici-son-prix\/"},"modified":"2025-09-16T17:50:03","modified_gmt":"2025-09-16T15:50:03","slug":"la-renault-4-electrique-des-pros-disponible-a-la-commande-voici-son-prix","status":"publish","type":"post","link":"https:\/\/www.evearly.news\/fr\/la-renault-4-electrique-des-pros-disponible-a-la-commande-voici-son-prix\/","title":{"rendered":"La Renault 4 \u00e9lectrique des pros disponible \u00e0 la commande, voici son prix !"},"content":{"rendered":"<p><img decoding=\"async\" src=\"https:\/\/www.evearly.news\/fr\/wp-content\/uploads\/sites\/6\/2025\/09\/la-renault-4-electrique-des-pros-disponible-a-la-commande-voici-son-prix.webp\" alt=\"auto-moto\"><br \/>Commercialis\u00e9e dans sa version d\u00e9di\u00e9e aux particuliers depuis quelques mois, la nouvelle Renault 4 E-Tech d\u00e9voile sa variante r\u00e9serv\u00e9e aux professionnels. La R4 Soci\u00e9t\u00e9 se d\u00e9cline en deux versions dont une \u201cVan\u201d qui s\u00e9duira notamment les artisans gr\u00e2ce \u00e0 son grand coffre. <a href=https:\/\/www.auto-moto.com\/electrique\/renault-4-societe-64070 target=blank>Lire la suite&#8230;<\/a><\/p>\n","protected":false},"excerpt":{"rendered":"<p>Commercialis\u00e9e dans sa version d\u00e9di\u00e9e aux particuliers depuis quelques mois, la nouvelle Renault 4 E-Tech d\u00e9voile sa variante r\u00e9serv\u00e9e aux professionnels. La R4 Soci\u00e9t\u00e9 se d\u00e9cline en deux versions dont une \u201cVan\u201d qui s\u00e9duira notamment les artisans gr\u00e2ce \u00e0 son grand coffre&#8230;. <a class=\"continue-reading-link\" href=\"https:\/\/www.evearly.news\/fr\/la-renault-4-electrique-des-pros-disponible-a-la-commande-voici-son-prix\/\"><\/a><\/p>\n","protected":false},"author":9,"featured_media":309028,"comment_status":"closed","ping_status":"open","sticky":false,"template":"Default","format":"standard","meta":{"footnotes":""},"categories":[10],"tags":[],"class_list":["post-309027","post","type-post","status-publish","format-standard","has-post-thumbnail","hentry","category-auto-moto-com"],"_links":{"self":[{"href":"https:\/\/www.evearly.news\/fr\/wp-json\/wp\/v2\/posts\/309027","targetHints":{"allow":["GET"]}}],"collection":[{"href":"https:\/\/www.evearly.news\/fr\/wp-json\/wp\/v2\/posts"}],"about":[{"href":"https:\/\/www.evearly.news\/fr\/wp-json\/wp\/v2\/types\/post"}],"author":[{"embeddable":true,"href":"https:\/\/www.evearly.news\/fr\/wp-json\/wp\/v2\/users\/9"}],"replies":[{"embeddable":true,"href":"https:\/\/www.evearly.news\/fr\/wp-json\/wp\/v2\/comments?post=309027"}],"version-history":[{"count":0,"href":"https:\/\/www.evearly.news\/fr\/wp-json\/wp\/v2\/posts\/309027\/revisions"}],"wp:featuredmedia":[{"embeddable":true,"href":"https:\/\/www.evearly.news\/fr\/wp-json\/wp\/v2\/media\/309028"}],"wp:attachment":[{"href":"https:\/\/www.evearly.news\/fr\/wp-json\/wp\/v2\/media?parent=309027"}],"wp:term":[{"taxonomy":"category","embeddable":true,"href":"https:\/\/www.evearly.news\/fr\/wp-json\/wp\/v2\/categories?post=309027"},{"taxonomy":"post_tag","embeddable":true,"href":"https:\/\/www.evearly.news\/fr\/wp-json\/wp\/v2\/tags?post=309027"}],"curies":[{"name":"wp","href":"https:\/\/api.w.org\/{rel}","templated":true}]}}