{"id":309057,"date":"2025-09-17T10:58:42","date_gmt":"2025-09-17T08:58:42","guid":{"rendered":"https:\/\/www.evearly.news\/fr\/tesla-ameliore-sa-tesla-model-3-avec-le-retour-de-deux-fonctions-qui-nauraient-jamais-du-disparaitre\/"},"modified":"2025-09-17T10:58:42","modified_gmt":"2025-09-17T08:58:42","slug":"tesla-ameliore-sa-tesla-model-3-avec-le-retour-de-deux-fonctions-qui-nauraient-jamais-du-disparaitre","status":"publish","type":"post","link":"https:\/\/www.evearly.news\/fr\/tesla-ameliore-sa-tesla-model-3-avec-le-retour-de-deux-fonctions-qui-nauraient-jamais-du-disparaitre\/","title":{"rendered":"Tesla am\u00e9liore sa Tesla Model 3 avec le retour de deux fonctions qui n\u2019auraient jamais d\u00fb dispara\u00eetre"},"content":{"rendered":"<p><img loading=\"lazy\" width=\"1200\" height=\"675\" src=\"https:\/\/www.evearly.news\/fr\/wp-content\/uploads\/sites\/6\/2025\/09\/tesla-ameliore-sa-tesla-model-3-avec-le-retour-de-deux-fonctions-qui-nauraient-jamais-du-disparaitre.jpg\" class=\"attachment-full size-full wp-post-image\" alt=\"Tesla Model 3 am\u00e9lior\u00e9e\" decoding=\"async\" \/<br \/>\nTesla va op\u00e9rer quelques changements sur sa Model 3 restyl\u00e9e. La voiture \u00e9lectrique va \u00e0 nouveau avoir le droit aux vraies commandes de clignotants, ainsi qu\u2019\u00e0 la cam\u00e9ra \u00e0 l\u2019avant.<br \/>\n <a href=https:\/\/www.frandroid.com\/marques\/tesla\/2797833_tesla-ameliore-sa-tesla-model-3-avec-le-retour-de-deux-fonctions-qui-nauraient-jamais-du-disparaitre target='blank'>Lire la suite&#8230;<\/a><\/p>\n","protected":false},"excerpt":{"rendered":"<p>&lt;img width=&quot;1200&quot; height=&quot;675&quot; src=&quot;https:\/\/www.evearly.news\/fr\/wp-content\/uploads\/sites\/6\/2025\/09\/tesla-ameliore-sa-tesla-model-3-avec-le-retour-de-deux-fonctions-qui-nauraient-jamais-du-disparaitre.jpg&quot; class=&quot;attachment-full size-full wp-post-image&quot; alt=&quot;Tesla Model 3 am\u00e9lior\u00e9e&quot; decoding=&quot;async&quot; \/<br \/>\nTesla va op\u00e9rer quelques changements sur sa Model 3 restyl\u00e9e. La voiture \u00e9lectrique va \u00e0 nouveau avoir le droit aux vraies commandes de clignotants, ainsi qu\u2019\u00e0 la cam\u00e9ra \u00e0 l\u2019avant.\n<\/p>\n<p> <a class=\"continue-reading-link\" href=\"https:\/\/www.evearly.news\/fr\/tesla-ameliore-sa-tesla-model-3-avec-le-retour-de-deux-fonctions-qui-nauraient-jamais-du-disparaitre\/\"><\/a><\/p>\n","protected":false},"author":6,"featured_media":309058,"comment_status":"closed","ping_status":"open","sticky":false,"template":"Default","format":"standard","meta":{"footnotes":""},"categories":[14],"tags":[],"class_list":["post-309057","post","type-post","status-publish","format-standard","has-post-thumbnail","hentry","category-frandroid"],"_links":{"self":[{"href":"https:\/\/www.evearly.news\/fr\/wp-json\/wp\/v2\/posts\/309057","targetHints":{"allow":["GET"]}}],"collection":[{"href":"https:\/\/www.evearly.news\/fr\/wp-json\/wp\/v2\/posts"}],"about":[{"href":"https:\/\/www.evearly.news\/fr\/wp-json\/wp\/v2\/types\/post"}],"author":[{"embeddable":true,"href":"https:\/\/www.evearly.news\/fr\/wp-json\/wp\/v2\/users\/6"}],"replies":[{"embeddable":true,"href":"https:\/\/www.evearly.news\/fr\/wp-json\/wp\/v2\/comments?post=309057"}],"version-history":[{"count":0,"href":"https:\/\/www.evearly.news\/fr\/wp-json\/wp\/v2\/posts\/309057\/revisions"}],"wp:featuredmedia":[{"embeddable":true,"href":"https:\/\/www.evearly.news\/fr\/wp-json\/wp\/v2\/media\/309058"}],"wp:attachment":[{"href":"https:\/\/www.evearly.news\/fr\/wp-json\/wp\/v2\/media?parent=309057"}],"wp:term":[{"taxonomy":"category","embeddable":true,"href":"https:\/\/www.evearly.news\/fr\/wp-json\/wp\/v2\/categories?post=309057"},{"taxonomy":"post_tag","embeddable":true,"href":"https:\/\/www.evearly.news\/fr\/wp-json\/wp\/v2\/tags?post=309057"}],"curies":[{"name":"wp","href":"https:\/\/api.w.org\/{rel}","templated":true}]}}