{"id":309213,"date":"2025-09-19T16:51:47","date_gmt":"2025-09-19T14:51:47","guid":{"rendered":"https:\/\/www.evearly.news\/fr\/la-voiture-de-fonction-demmanuel-macron-exposee-pour-les-journees-du-patrimoine\/"},"modified":"2025-09-19T16:51:47","modified_gmt":"2025-09-19T14:51:47","slug":"la-voiture-de-fonction-demmanuel-macron-exposee-pour-les-journees-du-patrimoine","status":"publish","type":"post","link":"https:\/\/www.evearly.news\/fr\/la-voiture-de-fonction-demmanuel-macron-exposee-pour-les-journees-du-patrimoine\/","title":{"rendered":"La voiture de fonction d\u2019Emmanuel Macron expos\u00e9e pour les Journ\u00e9es du Patrimoine"},"content":{"rendered":"<p><img loading=\"lazy\" decoding=\"async\" width=\"500\" height=\"333\" src=\"https:\/\/cdn.automobile-propre.com\/uploads\/2025\/09\/Renault-Rafale-Pre\u0301sidentiel-1536x1024.jpg\" class=\"attachment-1200x800 size-1200x800 wp-post-image\" alt=\"\" srcset=\"https:\/\/cdn.automobile-propre.com\/uploads\/2025\/09\/Renault-Rafale-Pre\u0301sidentiel-1536x1024.jpg 1536w, https:\/\/cdn.automobile-propre.com\/uploads\/2025\/09\/Renault-Rafale-Pre\u0301sidentiel-1640x1093.jpg 1640w, https:\/\/cdn.automobile-propre.com\/uploads\/2025\/09\/Renault-Rafale-Pre\u0301sidentiel-1024x682.jpg 1024w, https:\/\/cdn.automobile-propre.com\/uploads\/2025\/09\/Renault-Rafale-Pre\u0301sidentiel-140x93.jpg 140w, https:\/\/cdn.automobile-propre.com\/uploads\/2025\/09\/Renault-Rafale-Pre\u0301sidentiel-768x512.jpg 768w, https:\/\/cdn.automobile-propre.com\/uploads\/2025\/09\/Renault-Rafale-Pre\u0301sidentiel-620x413.jpg 620w, https:\/\/cdn.automobile-propre.com\/uploads\/2025\/09\/Renault-Rafale-Pre\u0301sidentiel-100x66.jpg 100w, https:\/\/cdn.automobile-propre.com\/uploads\/2025\/09\/Renault-Rafale-Pre\u0301sidentiel-190x126.jpg 190w, https:\/\/cdn.automobile-propre.com\/uploads\/2025\/09\/Renault-Rafale-Pre\u0301sidentiel-600x400.jpg 600w, https:\/\/cdn.automobile-propre.com\/uploads\/2025\/09\/Renault-Rafale-Pre\u0301sidentiel.jpg 2000w\" sizes=\"auto, (max-width: 1200px) 100vw, 1200px\" \/><br \/>\nUn v\u00e9hicule unique sera d\u00e9voil\u00e9 dans la cour du Palais de l&rsquo;\u00c9lys\u00e9e ce week-end : le Renault Rafale Pr\u00e9sidentiel. Con\u00e7u\u2026\u00a0<a href=https:\/\/www.automobile-propre.com\/breves\/un-invite-surprise-au-palais-de-lelysee-a-loccasion-des-journees-du-patrimoine-ce-week-end\/ target='bwindow'>Lire la suite&#8230;<\/a><\/p>\n","protected":false},"excerpt":{"rendered":"<p>&#8230; <a class=\"continue-reading-link\" href=\"https:\/\/www.evearly.news\/fr\/la-voiture-de-fonction-demmanuel-macron-exposee-pour-les-journees-du-patrimoine\/\"><\/a><\/p>\n","protected":false},"author":8,"featured_media":0,"comment_status":"closed","ping_status":"open","sticky":false,"template":"Default","format":"standard","meta":{"footnotes":""},"categories":[8],"tags":[],"class_list":["post-309213","post","type-post","status-publish","format-standard","hentry","category-automobile-propre"],"_links":{"self":[{"href":"https:\/\/www.evearly.news\/fr\/wp-json\/wp\/v2\/posts\/309213","targetHints":{"allow":["GET"]}}],"collection":[{"href":"https:\/\/www.evearly.news\/fr\/wp-json\/wp\/v2\/posts"}],"about":[{"href":"https:\/\/www.evearly.news\/fr\/wp-json\/wp\/v2\/types\/post"}],"author":[{"embeddable":true,"href":"https:\/\/www.evearly.news\/fr\/wp-json\/wp\/v2\/users\/8"}],"replies":[{"embeddable":true,"href":"https:\/\/www.evearly.news\/fr\/wp-json\/wp\/v2\/comments?post=309213"}],"version-history":[{"count":0,"href":"https:\/\/www.evearly.news\/fr\/wp-json\/wp\/v2\/posts\/309213\/revisions"}],"wp:attachment":[{"href":"https:\/\/www.evearly.news\/fr\/wp-json\/wp\/v2\/media?parent=309213"}],"wp:term":[{"taxonomy":"category","embeddable":true,"href":"https:\/\/www.evearly.news\/fr\/wp-json\/wp\/v2\/categories?post=309213"},{"taxonomy":"post_tag","embeddable":true,"href":"https:\/\/www.evearly.news\/fr\/wp-json\/wp\/v2\/tags?post=309213"}],"curies":[{"name":"wp","href":"https:\/\/api.w.org\/{rel}","templated":true}]}}