{"id":309442,"date":"2025-09-24T14:54:56","date_gmt":"2025-09-24T12:54:56","guid":{"rendered":"https:\/\/www.evearly.news\/fr\/prix-mitsubishi-eclipse-cross-electrique-est-il-plus-interessant-que-son-cousin-le-renault-scenic\/"},"modified":"2025-09-24T14:54:56","modified_gmt":"2025-09-24T12:54:56","slug":"prix-mitsubishi-eclipse-cross-electrique-est-il-plus-interessant-que-son-cousin-le-renault-scenic","status":"publish","type":"post","link":"https:\/\/www.evearly.news\/fr\/prix-mitsubishi-eclipse-cross-electrique-est-il-plus-interessant-que-son-cousin-le-renault-scenic\/","title":{"rendered":"Prix Mitsubishi Eclipse Cross \u00e9lectrique : est-il plus int\u00e9ressant que son cousin, le Renault Sc\u00e9nic ?"},"content":{"rendered":"<p><img decoding=\"async\" width=\"500\" height=\"333\" src=\"https:\/\/www.evearly.news\/fr\/wp-content\/uploads\/sites\/6\/2025\/09\/prix-mitsubishi-eclipse-cross-electrique-est-il-plus-interessant-que-son-cousin-le-renault-scenic.jpg\" class=\"attachment-1200x800 size-1200x800 wp-post-image\" alt=\"\" loading=\"lazy\" srcset=\"https:\/\/www.evearly.news\/fr\/wp-content\/uploads\/sites\/6\/2025\/09\/prix-mitsubishi-eclipse-cross-electrique-est-il-plus-interessant-que-son-cousin-le-renault-scenic.jpg 2048w, https:\/\/www.evearly.news\/fr\/wp-content\/uploads\/sites\/6\/2025\/09\/prix-mitsubishi-eclipse-cross-electrique-est-il-plus-interessant-que-son-cousin-le-renault-scenic-1.jpg 1640w, https:\/\/www.evearly.news\/fr\/wp-content\/uploads\/sites\/6\/2025\/09\/prix-mitsubishi-eclipse-cross-electrique-est-il-plus-interessant-que-son-cousin-le-renault-scenic-2.jpg 1024w, https:\/\/www.evearly.news\/fr\/wp-content\/uploads\/sites\/6\/2025\/09\/prix-mitsubishi-eclipse-cross-electrique-est-il-plus-interessant-que-son-cousin-le-renault-scenic-3.jpg 768w, https:\/\/www.evearly.news\/fr\/wp-content\/uploads\/sites\/6\/2025\/09\/prix-mitsubishi-eclipse-cross-electrique-est-il-plus-interessant-que-son-cousin-le-renault-scenic-4.jpg 1536w, https:\/\/cdn.automobile-propre.com\/uploads\/2025\/09\/IMG_6214-551x413.jpg 551w\" sizes=\"auto, (max-width: 1067px) 100vw, 1067px\" \/><br \/>\nMitsubishi vient de d\u00e9voiler les tarifs de son nouveau SUV \u00e9lectrique \u00e0 l&rsquo;occasion du salon de Lyon. Est-il mieux plac\u00e9\u2026\u00a0<a href=https:\/\/www.automobile-propre.com\/articles\/prix-mitsubishi-eclipse-cross-electrique-est-il-plus-interessant-que-son-cousin-le-renault-scenic\/ target='bwindow'>Lire la suite&#8230;<\/a><\/p>\n","protected":false},"excerpt":{"rendered":"<p>&#8230; <a class=\"continue-reading-link\" href=\"https:\/\/www.evearly.news\/fr\/prix-mitsubishi-eclipse-cross-electrique-est-il-plus-interessant-que-son-cousin-le-renault-scenic\/\"><\/a><\/p>\n","protected":false},"author":8,"featured_media":309443,"comment_status":"closed","ping_status":"open","sticky":false,"template":"Default","format":"standard","meta":{"footnotes":""},"categories":[8],"tags":[],"class_list":["post-309442","post","type-post","status-publish","format-standard","has-post-thumbnail","hentry","category-automobile-propre"],"_links":{"self":[{"href":"https:\/\/www.evearly.news\/fr\/wp-json\/wp\/v2\/posts\/309442","targetHints":{"allow":["GET"]}}],"collection":[{"href":"https:\/\/www.evearly.news\/fr\/wp-json\/wp\/v2\/posts"}],"about":[{"href":"https:\/\/www.evearly.news\/fr\/wp-json\/wp\/v2\/types\/post"}],"author":[{"embeddable":true,"href":"https:\/\/www.evearly.news\/fr\/wp-json\/wp\/v2\/users\/8"}],"replies":[{"embeddable":true,"href":"https:\/\/www.evearly.news\/fr\/wp-json\/wp\/v2\/comments?post=309442"}],"version-history":[{"count":0,"href":"https:\/\/www.evearly.news\/fr\/wp-json\/wp\/v2\/posts\/309442\/revisions"}],"wp:featuredmedia":[{"embeddable":true,"href":"https:\/\/www.evearly.news\/fr\/wp-json\/wp\/v2\/media\/309443"}],"wp:attachment":[{"href":"https:\/\/www.evearly.news\/fr\/wp-json\/wp\/v2\/media?parent=309442"}],"wp:term":[{"taxonomy":"category","embeddable":true,"href":"https:\/\/www.evearly.news\/fr\/wp-json\/wp\/v2\/categories?post=309442"},{"taxonomy":"post_tag","embeddable":true,"href":"https:\/\/www.evearly.news\/fr\/wp-json\/wp\/v2\/tags?post=309442"}],"curies":[{"name":"wp","href":"https:\/\/api.w.org\/{rel}","templated":true}]}}