{"id":309509,"date":"2025-09-25T13:01:51","date_gmt":"2025-09-25T11:01:51","guid":{"rendered":"https:\/\/www.evearly.news\/fr\/mg-baisse-les-prix-de-toutes-ses-voitures-electriques-en-france\/"},"modified":"2025-09-25T13:01:51","modified_gmt":"2025-09-25T11:01:51","slug":"mg-baisse-les-prix-de-toutes-ses-voitures-electriques-en-france","status":"publish","type":"post","link":"https:\/\/www.evearly.news\/fr\/mg-baisse-les-prix-de-toutes-ses-voitures-electriques-en-france\/","title":{"rendered":"MG baisse les prix de toutes ses voitures \u00e9lectriques en France"},"content":{"rendered":"<p><img loading=\"lazy\" width=\"1200\" height=\"675\" src=\"https:\/\/www.evearly.news\/fr\/wp-content\/uploads\/sites\/6\/2025\/09\/mg-baisse-les-prix-de-toutes-ses-voitures-electriques-en-france.jpg\" class=\"attachment-full size-full wp-post-image\" alt=\"\" decoding=\"async\" \/<br \/>\nMalgr\u00e9 une in\u00e9ligibilit\u00e9 au bonus \u00e9cologique fran\u00e7ais, les voitures \u00e9lectriques de MG peuvent d\u00e9sormais acc\u00e9der \u00e0 la prime CEE, de quoi baisser les prix des MG4, MGS5 EV et du Cyberster de 350 \u00e0 525 euros.<br \/>\n <a href=https:\/\/www.frandroid.com\/marques\/mg\/2808049_mg-baisse-les-prix-de-toutes-ses-voitures-electriques-en-france target='blank'>Lire la suite&#8230;<\/a><\/p>\n","protected":false},"excerpt":{"rendered":"<p>&lt;img width=&quot;1200&quot; height=&quot;675&quot; src=&quot;https:\/\/www.evearly.news\/fr\/wp-content\/uploads\/sites\/6\/2025\/09\/mg-baisse-les-prix-de-toutes-ses-voitures-electriques-en-france.jpg&quot; class=&quot;attachment-full size-full wp-post-image&quot; alt=&quot;&quot; decoding=&quot;async&quot; \/<br \/>\nMalgr\u00e9 une in\u00e9ligibilit\u00e9 au bonus \u00e9cologique fran\u00e7ais, les voitures \u00e9lectriques de MG peuvent d\u00e9sormais acc\u00e9der \u00e0 la prime CEE, de quoi baisser les prix des MG4, MGS5 EV et du Cyberster de 350 \u00e0 525 euros.\n<\/p>\n<p> <a class=\"continue-reading-link\" href=\"https:\/\/www.evearly.news\/fr\/mg-baisse-les-prix-de-toutes-ses-voitures-electriques-en-france\/\"><\/a><\/p>\n","protected":false},"author":6,"featured_media":309510,"comment_status":"closed","ping_status":"open","sticky":false,"template":"Default","format":"standard","meta":{"footnotes":""},"categories":[14],"tags":[],"class_list":["post-309509","post","type-post","status-publish","format-standard","has-post-thumbnail","hentry","category-frandroid"],"_links":{"self":[{"href":"https:\/\/www.evearly.news\/fr\/wp-json\/wp\/v2\/posts\/309509","targetHints":{"allow":["GET"]}}],"collection":[{"href":"https:\/\/www.evearly.news\/fr\/wp-json\/wp\/v2\/posts"}],"about":[{"href":"https:\/\/www.evearly.news\/fr\/wp-json\/wp\/v2\/types\/post"}],"author":[{"embeddable":true,"href":"https:\/\/www.evearly.news\/fr\/wp-json\/wp\/v2\/users\/6"}],"replies":[{"embeddable":true,"href":"https:\/\/www.evearly.news\/fr\/wp-json\/wp\/v2\/comments?post=309509"}],"version-history":[{"count":0,"href":"https:\/\/www.evearly.news\/fr\/wp-json\/wp\/v2\/posts\/309509\/revisions"}],"wp:featuredmedia":[{"embeddable":true,"href":"https:\/\/www.evearly.news\/fr\/wp-json\/wp\/v2\/media\/309510"}],"wp:attachment":[{"href":"https:\/\/www.evearly.news\/fr\/wp-json\/wp\/v2\/media?parent=309509"}],"wp:term":[{"taxonomy":"category","embeddable":true,"href":"https:\/\/www.evearly.news\/fr\/wp-json\/wp\/v2\/categories?post=309509"},{"taxonomy":"post_tag","embeddable":true,"href":"https:\/\/www.evearly.news\/fr\/wp-json\/wp\/v2\/tags?post=309509"}],"curies":[{"name":"wp","href":"https:\/\/api.w.org\/{rel}","templated":true}]}}