{"id":309708,"date":"2025-09-30T11:09:14","date_gmt":"2025-09-30T09:09:14","guid":{"rendered":"https:\/\/www.evearly.news\/fr\/byd-ameliore-le-plus-gros-problemes-de-lune-de-ses-voitures-electriques-les-moins-cheres-qui-devient-enfin-recommandable\/"},"modified":"2025-09-30T11:09:14","modified_gmt":"2025-09-30T09:09:14","slug":"byd-ameliore-le-plus-gros-problemes-de-lune-de-ses-voitures-electriques-les-moins-cheres-qui-devient-enfin-recommandable","status":"publish","type":"post","link":"https:\/\/www.evearly.news\/fr\/byd-ameliore-le-plus-gros-problemes-de-lune-de-ses-voitures-electriques-les-moins-cheres-qui-devient-enfin-recommandable\/","title":{"rendered":"BYD am\u00e9liore le plus gros probl\u00e8mes de l\u2019une de ses voitures \u00e9lectriques les moins ch\u00e8res qui devient enfin \u00ab\u00a0recommandable\u00a0\u00bb"},"content":{"rendered":"<p><img loading=\"lazy\" width=\"1200\" height=\"675\" src=\"https:\/\/www.evearly.news\/fr\/wp-content\/uploads\/sites\/6\/2025\/09\/byd-ameliore-le-plus-gros-problemes-de-lune-de-ses-voitures-electriques-les-moins-cheres-qui-devient-enfin-recommandable.jpg\" class=\"attachment-full size-full wp-post-image\" alt=\"\" decoding=\"async\" \/<br \/>\nLa BYD Atto 3 \u00e9lectrique vendue en Europe s&rsquo;am\u00e9liore radicalement sur un aspect critique li\u00e9 \u00e0 la s\u00e9curit\u00e9 avec une simple mise \u00e0 jour logicielle. De quoi lui valoir les f\u00e9licitations du jury de l&rsquo;EuroNCAP, le sp\u00e9cialiste europ\u00e9en des crash-tests. Mais ce n&rsquo;est pas tout, car une nouvelle version de cette voiture arrive \u00e9galement.<br \/>\n <a href=https:\/\/www.frandroid.com\/marques\/byd\/2812243_byd-ameliore-le-plus-gros-problemes-de-lune-de-ses-voitures-electriques-les-moins-cheres-qui-devient-enfin-recommandable target='blank'>Lire la suite&#8230;<\/a><\/p>\n","protected":false},"excerpt":{"rendered":"<p>&lt;img width=&quot;1200&quot; height=&quot;675&quot; src=&quot;https:\/\/www.evearly.news\/fr\/wp-content\/uploads\/sites\/6\/2025\/09\/byd-ameliore-le-plus-gros-problemes-de-lune-de-ses-voitures-electriques-les-moins-cheres-qui-devient-enfin-recommandable.jpg&quot; class=&quot;attachment-full size-full wp-post-image&quot; alt=&quot;&quot; decoding=&quot;async&quot; \/<br \/>\nLa BYD Atto 3 \u00e9lectrique vendue en Europe s&rsquo;am\u00e9liore radicalement sur un aspect critique li\u00e9 \u00e0 la s\u00e9curit\u00e9 avec une simple mise \u00e0 jour logicielle. De quoi lui valoir les f\u00e9licitations du jury de l&rsquo;EuroNCAP, le sp\u00e9cialiste europ\u00e9en des crash-tests. Mais ce n&rsquo;est pas tout, car une nouvelle version de cette voiture arrive \u00e9galement.\n<\/p>\n<p> <a class=\"continue-reading-link\" href=\"https:\/\/www.evearly.news\/fr\/byd-ameliore-le-plus-gros-problemes-de-lune-de-ses-voitures-electriques-les-moins-cheres-qui-devient-enfin-recommandable\/\"><\/a><\/p>\n","protected":false},"author":6,"featured_media":309709,"comment_status":"closed","ping_status":"open","sticky":false,"template":"Default","format":"standard","meta":{"footnotes":""},"categories":[14],"tags":[],"class_list":["post-309708","post","type-post","status-publish","format-standard","has-post-thumbnail","hentry","category-frandroid"],"_links":{"self":[{"href":"https:\/\/www.evearly.news\/fr\/wp-json\/wp\/v2\/posts\/309708","targetHints":{"allow":["GET"]}}],"collection":[{"href":"https:\/\/www.evearly.news\/fr\/wp-json\/wp\/v2\/posts"}],"about":[{"href":"https:\/\/www.evearly.news\/fr\/wp-json\/wp\/v2\/types\/post"}],"author":[{"embeddable":true,"href":"https:\/\/www.evearly.news\/fr\/wp-json\/wp\/v2\/users\/6"}],"replies":[{"embeddable":true,"href":"https:\/\/www.evearly.news\/fr\/wp-json\/wp\/v2\/comments?post=309708"}],"version-history":[{"count":0,"href":"https:\/\/www.evearly.news\/fr\/wp-json\/wp\/v2\/posts\/309708\/revisions"}],"wp:featuredmedia":[{"embeddable":true,"href":"https:\/\/www.evearly.news\/fr\/wp-json\/wp\/v2\/media\/309709"}],"wp:attachment":[{"href":"https:\/\/www.evearly.news\/fr\/wp-json\/wp\/v2\/media?parent=309708"}],"wp:term":[{"taxonomy":"category","embeddable":true,"href":"https:\/\/www.evearly.news\/fr\/wp-json\/wp\/v2\/categories?post=309708"},{"taxonomy":"post_tag","embeddable":true,"href":"https:\/\/www.evearly.news\/fr\/wp-json\/wp\/v2\/tags?post=309708"}],"curies":[{"name":"wp","href":"https:\/\/api.w.org\/{rel}","templated":true}]}}