{"id":309710,"date":"2025-09-30T11:20:05","date_gmt":"2025-09-30T09:20:05","guid":{"rendered":"https:\/\/www.evearly.news\/fr\/smart-coupe-court-aux-rumeurs-dune-succession-a-la-forfour-et-privilegie-la-future-2\/"},"modified":"2025-09-30T11:20:05","modified_gmt":"2025-09-30T09:20:05","slug":"smart-coupe-court-aux-rumeurs-dune-succession-a-la-forfour-et-privilegie-la-future-2","status":"publish","type":"post","link":"https:\/\/www.evearly.news\/fr\/smart-coupe-court-aux-rumeurs-dune-succession-a-la-forfour-et-privilegie-la-future-2\/","title":{"rendered":"Smart coupe court aux rumeurs d\u2019une succession \u00e0 la ForFour et privil\u00e9gie la future #2"},"content":{"rendered":"<p><img decoding=\"async\" src=\"https:\/\/www.evearly.news\/fr\/wp-content\/uploads\/sites\/6\/2025\/09\/smart-coupe-court-aux-rumeurs-dune-succession-a-la-forfour-et-privilegie-la-future-2.webp\" alt=\"auto-moto\"><br \/>Depuis quelques jours, la rumeur d\u2019une future Smart #4 rempla\u00e7ant la ForFour s\u2019intensifiait. Mais le directeur de la communication a balay\u00e9 les bruits de couloir en affirmant que ce projet n\u2019\u00e9tait pas en cours, contrairement \u00e0 celui de la future Smart #2 qui succ\u00e8dera \u00e0 la ForTwo d\u00e8s 2027. <a href=https:\/\/www.auto-moto.com\/electrique\/smart-forfour-remplacante-64448 target=blank>Lire la suite&#8230;<\/a><\/p>\n","protected":false},"excerpt":{"rendered":"<p>Depuis quelques jours, la rumeur d\u2019une future Smart #4 rempla\u00e7ant la ForFour s\u2019intensifiait. Mais le directeur de la communication a balay\u00e9 les bruits de couloir en affirmant que ce projet n\u2019\u00e9tait pas en cours, contrairement \u00e0 celui de la future Smart #2 qui succ\u00e8dera \u00e0 la ForTwo d\u00e8s 2027&#8230;. <a class=\"continue-reading-link\" href=\"https:\/\/www.evearly.news\/fr\/smart-coupe-court-aux-rumeurs-dune-succession-a-la-forfour-et-privilegie-la-future-2\/\"><\/a><\/p>\n","protected":false},"author":9,"featured_media":309711,"comment_status":"closed","ping_status":"open","sticky":false,"template":"Default","format":"standard","meta":{"footnotes":""},"categories":[10],"tags":[],"class_list":["post-309710","post","type-post","status-publish","format-standard","has-post-thumbnail","hentry","category-auto-moto-com"],"_links":{"self":[{"href":"https:\/\/www.evearly.news\/fr\/wp-json\/wp\/v2\/posts\/309710","targetHints":{"allow":["GET"]}}],"collection":[{"href":"https:\/\/www.evearly.news\/fr\/wp-json\/wp\/v2\/posts"}],"about":[{"href":"https:\/\/www.evearly.news\/fr\/wp-json\/wp\/v2\/types\/post"}],"author":[{"embeddable":true,"href":"https:\/\/www.evearly.news\/fr\/wp-json\/wp\/v2\/users\/9"}],"replies":[{"embeddable":true,"href":"https:\/\/www.evearly.news\/fr\/wp-json\/wp\/v2\/comments?post=309710"}],"version-history":[{"count":0,"href":"https:\/\/www.evearly.news\/fr\/wp-json\/wp\/v2\/posts\/309710\/revisions"}],"wp:featuredmedia":[{"embeddable":true,"href":"https:\/\/www.evearly.news\/fr\/wp-json\/wp\/v2\/media\/309711"}],"wp:attachment":[{"href":"https:\/\/www.evearly.news\/fr\/wp-json\/wp\/v2\/media?parent=309710"}],"wp:term":[{"taxonomy":"category","embeddable":true,"href":"https:\/\/www.evearly.news\/fr\/wp-json\/wp\/v2\/categories?post=309710"},{"taxonomy":"post_tag","embeddable":true,"href":"https:\/\/www.evearly.news\/fr\/wp-json\/wp\/v2\/tags?post=309710"}],"curies":[{"name":"wp","href":"https:\/\/api.w.org\/{rel}","templated":true}]}}