{"id":309728,"date":"2025-09-30T15:00:07","date_gmt":"2025-09-30T13:00:07","guid":{"rendered":"https:\/\/www.evearly.news\/fr\/le-volvo-ex30-vire-au-noir-avec-une-serie-speciale-black-edition\/"},"modified":"2025-09-30T15:00:07","modified_gmt":"2025-09-30T13:00:07","slug":"le-volvo-ex30-vire-au-noir-avec-une-serie-speciale-black-edition","status":"publish","type":"post","link":"https:\/\/www.evearly.news\/fr\/le-volvo-ex30-vire-au-noir-avec-une-serie-speciale-black-edition\/","title":{"rendered":"Le Volvo EX30 vire au noir avec une s\u00e9rie sp\u00e9ciale Black Edition"},"content":{"rendered":"<p><img decoding=\"async\" src=\"https:\/\/www.evearly.news\/fr\/wp-content\/uploads\/sites\/6\/2025\/09\/le-volvo-ex30-vire-au-noir-avec-une-serie-speciale-black-edition.webp\" alt=\"auto-moto\"><br \/>Le Volvo EX30 se pare de noir avec une nouvelle s\u00e9rie sp\u00e9ciale Black Edition. Commune aux autres SUV thermiques et \u00e9lectriques de la gamme, elle est tr\u00e8s \u00e9quip\u00e9e et pourrait b\u00e9n\u00e9ficier d\u2019aides \u00e0 l\u2019achat gr\u00e2ce au transfert de la production en Belgique. <a href=https:\/\/www.auto-moto.com\/suv\/volvo-ex30-black-edition-64473 target=blank>Lire la suite&#8230;<\/a><\/p>\n","protected":false},"excerpt":{"rendered":"<p>Le Volvo EX30 se pare de noir avec une nouvelle s\u00e9rie sp\u00e9ciale Black Edition. Commune aux autres SUV thermiques et \u00e9lectriques de la gamme, elle est tr\u00e8s \u00e9quip\u00e9e et pourrait b\u00e9n\u00e9ficier d\u2019aides \u00e0 l\u2019achat gr\u00e2ce au transfert de la production en Belgique&#8230;. <a class=\"continue-reading-link\" href=\"https:\/\/www.evearly.news\/fr\/le-volvo-ex30-vire-au-noir-avec-une-serie-speciale-black-edition\/\"><\/a><\/p>\n","protected":false},"author":9,"featured_media":309729,"comment_status":"closed","ping_status":"open","sticky":false,"template":"Default","format":"standard","meta":{"footnotes":""},"categories":[10],"tags":[],"class_list":["post-309728","post","type-post","status-publish","format-standard","has-post-thumbnail","hentry","category-auto-moto-com"],"_links":{"self":[{"href":"https:\/\/www.evearly.news\/fr\/wp-json\/wp\/v2\/posts\/309728","targetHints":{"allow":["GET"]}}],"collection":[{"href":"https:\/\/www.evearly.news\/fr\/wp-json\/wp\/v2\/posts"}],"about":[{"href":"https:\/\/www.evearly.news\/fr\/wp-json\/wp\/v2\/types\/post"}],"author":[{"embeddable":true,"href":"https:\/\/www.evearly.news\/fr\/wp-json\/wp\/v2\/users\/9"}],"replies":[{"embeddable":true,"href":"https:\/\/www.evearly.news\/fr\/wp-json\/wp\/v2\/comments?post=309728"}],"version-history":[{"count":0,"href":"https:\/\/www.evearly.news\/fr\/wp-json\/wp\/v2\/posts\/309728\/revisions"}],"wp:featuredmedia":[{"embeddable":true,"href":"https:\/\/www.evearly.news\/fr\/wp-json\/wp\/v2\/media\/309729"}],"wp:attachment":[{"href":"https:\/\/www.evearly.news\/fr\/wp-json\/wp\/v2\/media?parent=309728"}],"wp:term":[{"taxonomy":"category","embeddable":true,"href":"https:\/\/www.evearly.news\/fr\/wp-json\/wp\/v2\/categories?post=309728"},{"taxonomy":"post_tag","embeddable":true,"href":"https:\/\/www.evearly.news\/fr\/wp-json\/wp\/v2\/tags?post=309728"}],"curies":[{"name":"wp","href":"https:\/\/api.w.org\/{rel}","templated":true}]}}