{"id":309734,"date":"2025-09-30T15:50:07","date_gmt":"2025-09-30T13:50:07","guid":{"rendered":"https:\/\/www.evearly.news\/fr\/beau-bilan-pour-le-salon-de-lyon-qui-a-fait-le-plein-de-visiteurs-et-de-constructeurs\/"},"modified":"2025-09-30T15:50:07","modified_gmt":"2025-09-30T13:50:07","slug":"beau-bilan-pour-le-salon-de-lyon-qui-a-fait-le-plein-de-visiteurs-et-de-constructeurs","status":"publish","type":"post","link":"https:\/\/www.evearly.news\/fr\/beau-bilan-pour-le-salon-de-lyon-qui-a-fait-le-plein-de-visiteurs-et-de-constructeurs\/","title":{"rendered":"Beau bilan pour le Salon de Lyon, qui a fait le plein de visiteurs et de constructeurs"},"content":{"rendered":"<p><img decoding=\"async\" src=\"https:\/\/www.evearly.news\/fr\/wp-content\/uploads\/sites\/6\/2025\/09\/beau-bilan-pour-le-salon-de-lyon-qui-a-fait-le-plein-de-visiteurs-et-de-constructeurs.webp\" alt=\"auto-moto\"><br \/>Devenu un \u00e9v\u00e9nement incontournable, le Salon Automobile de Lyon vient de fermer ses portes avec un bilan plus que positif. Pr\u00e8s de 100 000 visiteurs et une cinquantaine de constructeurs se sont d\u00e9plac\u00e9s cette ann\u00e9e. Un record ! <a href=https:\/\/www.auto-moto.com\/en-bref\/salon-de-lyon-bilan-64494 target=blank>Lire la suite&#8230;<\/a><\/p>\n","protected":false},"excerpt":{"rendered":"<p>Devenu un \u00e9v\u00e9nement incontournable, le Salon Automobile de Lyon vient de fermer ses portes avec un bilan plus que positif. Pr\u00e8s de 100 000 visiteurs et une cinquantaine de constructeurs se sont d\u00e9plac\u00e9s cette ann\u00e9e. Un record !&#8230; <a class=\"continue-reading-link\" href=\"https:\/\/www.evearly.news\/fr\/beau-bilan-pour-le-salon-de-lyon-qui-a-fait-le-plein-de-visiteurs-et-de-constructeurs\/\"><\/a><\/p>\n","protected":false},"author":9,"featured_media":309735,"comment_status":"closed","ping_status":"open","sticky":false,"template":"Default","format":"standard","meta":{"footnotes":""},"categories":[10],"tags":[],"class_list":["post-309734","post","type-post","status-publish","format-standard","has-post-thumbnail","hentry","category-auto-moto-com"],"_links":{"self":[{"href":"https:\/\/www.evearly.news\/fr\/wp-json\/wp\/v2\/posts\/309734","targetHints":{"allow":["GET"]}}],"collection":[{"href":"https:\/\/www.evearly.news\/fr\/wp-json\/wp\/v2\/posts"}],"about":[{"href":"https:\/\/www.evearly.news\/fr\/wp-json\/wp\/v2\/types\/post"}],"author":[{"embeddable":true,"href":"https:\/\/www.evearly.news\/fr\/wp-json\/wp\/v2\/users\/9"}],"replies":[{"embeddable":true,"href":"https:\/\/www.evearly.news\/fr\/wp-json\/wp\/v2\/comments?post=309734"}],"version-history":[{"count":0,"href":"https:\/\/www.evearly.news\/fr\/wp-json\/wp\/v2\/posts\/309734\/revisions"}],"wp:featuredmedia":[{"embeddable":true,"href":"https:\/\/www.evearly.news\/fr\/wp-json\/wp\/v2\/media\/309735"}],"wp:attachment":[{"href":"https:\/\/www.evearly.news\/fr\/wp-json\/wp\/v2\/media?parent=309734"}],"wp:term":[{"taxonomy":"category","embeddable":true,"href":"https:\/\/www.evearly.news\/fr\/wp-json\/wp\/v2\/categories?post=309734"},{"taxonomy":"post_tag","embeddable":true,"href":"https:\/\/www.evearly.news\/fr\/wp-json\/wp\/v2\/tags?post=309734"}],"curies":[{"name":"wp","href":"https:\/\/api.w.org\/{rel}","templated":true}]}}