{"id":310213,"date":"2025-10-09T12:35:31","date_gmt":"2025-10-09T10:35:31","guid":{"rendered":"https:\/\/www.evearly.news\/fr\/en-difficulte-porsche-est-sur-le-point-de-dire-au-revoir-aux-24-heures-du-mans\/"},"modified":"2025-10-09T12:35:31","modified_gmt":"2025-10-09T10:35:31","slug":"en-difficulte-porsche-est-sur-le-point-de-dire-au-revoir-aux-24-heures-du-mans","status":"publish","type":"post","link":"https:\/\/www.evearly.news\/fr\/en-difficulte-porsche-est-sur-le-point-de-dire-au-revoir-aux-24-heures-du-mans\/","title":{"rendered":"En difficult\u00e9, Porsche est sur le point de dire au revoir aux 24 heures du Mans"},"content":{"rendered":"<p><img width=\"1920\" height=\"1280\" src=\"https:\/\/www.evearly.news\/fr\/wp-content\/uploads\/sites\/6\/2025\/10\/en-difficulte-porsche-est-sur-le-point-de-dire-au-revoir-aux-24-heures-du-mans.jpg\" class=\"attachment-full size-full wp-post-image\" alt=\"Porsche\" decoding=\"async\" loading=\"lazy\" srcset=\"https:\/\/www.evearly.news\/fr\/wp-content\/uploads\/sites\/6\/2025\/10\/en-difficulte-porsche-est-sur-le-point-de-dire-au-revoir-aux-24-heures-du-mans.jpg 1920w, https:\/\/www.evearly.news\/fr\/wp-content\/uploads\/sites\/6\/2025\/10\/en-difficulte-porsche-est-sur-le-point-de-dire-au-revoir-aux-24-heures-du-mans-1.jpg 384w, https:\/\/www.evearly.news\/fr\/wp-content\/uploads\/sites\/6\/2025\/10\/en-difficulte-porsche-est-sur-le-point-de-dire-au-revoir-aux-24-heures-du-mans-2.jpg 880w, https:\/\/www.evearly.news\/fr\/wp-content\/uploads\/sites\/6\/2025\/10\/en-difficulte-porsche-est-sur-le-point-de-dire-au-revoir-aux-24-heures-du-mans-3.jpg 50w, https:\/\/www.evearly.news\/fr\/wp-content\/uploads\/sites\/6\/2025\/10\/en-difficulte-porsche-est-sur-le-point-de-dire-au-revoir-aux-24-heures-du-mans-4.jpg 640w, https:\/\/www.evearly.news\/fr\/wp-content\/uploads\/sites\/6\/2025\/10\/en-difficulte-porsche-est-sur-le-point-de-dire-au-revoir-aux-24-heures-du-mans-5.jpg 1280w, https:\/\/www.presse-citron.net\/app\/uploads\/2025\/10\/Porsche-1632x1088.jpg 1632w\" sizes=\"auto, (max-width: 1920px) 100vw, 1920px\"><\/p>\n<p>Dans une conjoncture de plus en plus tendue, Porsche cherche par tous les moyens \u00e0 faire des \u00e9conomies. La marque annonce ainsi se retirer du prestigieux championnat WEC malgr\u00e9 un palmar\u00e8s \u00e9clatant en sport automobile. Les 24 heures du Mans en sursis ?<a href=\"https:\/\/www.presse-citron.net\/en-difficulte-porsche-depart-potentiel-24-heures-du-mans\/\" target=blank> Lire la suite&#8230;<\/a><\/p>\n","protected":false},"excerpt":{"rendered":"<p>Dans une conjoncture de plus en plus tendue, Porsche cherche par tous les moyens \u00e0 faire des \u00e9conomies. La marque annonce ainsi se retirer du prestigieux championnat WEC malgr\u00e9 un palmar\u00e8s \u00e9clatant en sport automobile. Les 24 heures du Mans en sursis ?&#8230; <a class=\"continue-reading-link\" href=\"https:\/\/www.evearly.news\/fr\/en-difficulte-porsche-est-sur-le-point-de-dire-au-revoir-aux-24-heures-du-mans\/\"><\/a><\/p>\n","protected":false},"author":18,"featured_media":310214,"comment_status":"closed","ping_status":"open","sticky":false,"template":"Default","format":"standard","meta":{"footnotes":""},"categories":[19],"tags":[],"class_list":["post-310213","post","type-post","status-publish","format-standard","has-post-thumbnail","hentry","category-presse-citron"],"_links":{"self":[{"href":"https:\/\/www.evearly.news\/fr\/wp-json\/wp\/v2\/posts\/310213","targetHints":{"allow":["GET"]}}],"collection":[{"href":"https:\/\/www.evearly.news\/fr\/wp-json\/wp\/v2\/posts"}],"about":[{"href":"https:\/\/www.evearly.news\/fr\/wp-json\/wp\/v2\/types\/post"}],"author":[{"embeddable":true,"href":"https:\/\/www.evearly.news\/fr\/wp-json\/wp\/v2\/users\/18"}],"replies":[{"embeddable":true,"href":"https:\/\/www.evearly.news\/fr\/wp-json\/wp\/v2\/comments?post=310213"}],"version-history":[{"count":0,"href":"https:\/\/www.evearly.news\/fr\/wp-json\/wp\/v2\/posts\/310213\/revisions"}],"wp:featuredmedia":[{"embeddable":true,"href":"https:\/\/www.evearly.news\/fr\/wp-json\/wp\/v2\/media\/310214"}],"wp:attachment":[{"href":"https:\/\/www.evearly.news\/fr\/wp-json\/wp\/v2\/media?parent=310213"}],"wp:term":[{"taxonomy":"category","embeddable":true,"href":"https:\/\/www.evearly.news\/fr\/wp-json\/wp\/v2\/categories?post=310213"},{"taxonomy":"post_tag","embeddable":true,"href":"https:\/\/www.evearly.news\/fr\/wp-json\/wp\/v2\/tags?post=310213"}],"curies":[{"name":"wp","href":"https:\/\/api.w.org\/{rel}","templated":true}]}}