{"id":310223,"date":"2025-10-09T14:50:04","date_gmt":"2025-10-09T12:50:04","guid":{"rendered":"https:\/\/www.evearly.news\/fr\/jai-essaye-la-gac-aion-ut-pourquoi-jai-hate-que-cette-rivale-de-la-renault-megane-electrique-arrive-en-europe\/"},"modified":"2025-10-09T14:50:04","modified_gmt":"2025-10-09T12:50:04","slug":"jai-essaye-la-gac-aion-ut-pourquoi-jai-hate-que-cette-rivale-de-la-renault-megane-electrique-arrive-en-europe","status":"publish","type":"post","link":"https:\/\/www.evearly.news\/fr\/jai-essaye-la-gac-aion-ut-pourquoi-jai-hate-que-cette-rivale-de-la-renault-megane-electrique-arrive-en-europe\/","title":{"rendered":"J\u2019ai essay\u00e9 la GAC Aion UT : pourquoi j\u2019ai h\u00e2te que cette rivale de la Renault M\u00e9gane \u00e9lectrique arrive en Europe"},"content":{"rendered":"<p><img width=\"1200\" height=\"675\" src=\"https:\/\/www.evearly.news\/fr\/wp-content\/uploads\/sites\/6\/2025\/10\/jai-essaye-la-gac-aion-ut-pourquoi-jai-hate-que-cette-rivale-de-la-renault-megane-electrique-arrive-en-europe.jpg\" class=\"attachment-full size-full wp-post-image\" alt=\"\" decoding=\"async\" loading=\"lazy\" \/<br \/>\nSi GAC arrive en Europe avec un SUV, l&rsquo;Aion V, la marque chinoise compte bien proposer un peu plus tard la GAC Aion UT, une voiture \u00e9lectrique rivale de la Renault M\u00e9gane E-Tech&#8230; et qui nous a tap\u00e9 dans l&rsquo;\u0153il lors d&rsquo;une rapide prise en main. Voici pourquoi.<br \/>\n <a href=https:\/\/www.frandroid.com\/marques\/gac\/2817237_jai-essaye-la-gac-aion-ut-pourquoi-jai-hate-que-cette-rivale-de-la-renault-megane-electrique-arrive-en-europe target='blank'>Lire la suite&#8230;<\/a><\/p>\n","protected":false},"excerpt":{"rendered":"<p>&lt;img width=&quot;1200&quot; height=&quot;675&quot; src=&quot;https:\/\/www.evearly.news\/fr\/wp-content\/uploads\/sites\/6\/2025\/10\/jai-essaye-la-gac-aion-ut-pourquoi-jai-hate-que-cette-rivale-de-la-renault-megane-electrique-arrive-en-europe.jpg&quot; class=&quot;attachment-full size-full wp-post-image&quot; alt=&quot;&quot; decoding=&quot;async&quot; loading=&quot;lazy&quot; \/<br \/>\nSi GAC arrive en Europe avec un SUV, l&rsquo;Aion V, la marque chinoise compte bien proposer un peu plus tard la GAC Aion UT, une voiture \u00e9lectrique rivale de la Renault M\u00e9gane E-Tech&#8230; et qui nous a tap\u00e9 dans l&rsquo;\u0153il lors d&rsquo;une rapide prise en main. Voici pourquoi.\n<\/p>\n<p> <a class=\"continue-reading-link\" href=\"https:\/\/www.evearly.news\/fr\/jai-essaye-la-gac-aion-ut-pourquoi-jai-hate-que-cette-rivale-de-la-renault-megane-electrique-arrive-en-europe\/\"><\/a><\/p>\n","protected":false},"author":6,"featured_media":310224,"comment_status":"closed","ping_status":"open","sticky":false,"template":"Default","format":"standard","meta":{"footnotes":""},"categories":[14],"tags":[],"class_list":["post-310223","post","type-post","status-publish","format-standard","has-post-thumbnail","hentry","category-frandroid"],"_links":{"self":[{"href":"https:\/\/www.evearly.news\/fr\/wp-json\/wp\/v2\/posts\/310223","targetHints":{"allow":["GET"]}}],"collection":[{"href":"https:\/\/www.evearly.news\/fr\/wp-json\/wp\/v2\/posts"}],"about":[{"href":"https:\/\/www.evearly.news\/fr\/wp-json\/wp\/v2\/types\/post"}],"author":[{"embeddable":true,"href":"https:\/\/www.evearly.news\/fr\/wp-json\/wp\/v2\/users\/6"}],"replies":[{"embeddable":true,"href":"https:\/\/www.evearly.news\/fr\/wp-json\/wp\/v2\/comments?post=310223"}],"version-history":[{"count":0,"href":"https:\/\/www.evearly.news\/fr\/wp-json\/wp\/v2\/posts\/310223\/revisions"}],"wp:featuredmedia":[{"embeddable":true,"href":"https:\/\/www.evearly.news\/fr\/wp-json\/wp\/v2\/media\/310224"}],"wp:attachment":[{"href":"https:\/\/www.evearly.news\/fr\/wp-json\/wp\/v2\/media?parent=310223"}],"wp:term":[{"taxonomy":"category","embeddable":true,"href":"https:\/\/www.evearly.news\/fr\/wp-json\/wp\/v2\/categories?post=310223"},{"taxonomy":"post_tag","embeddable":true,"href":"https:\/\/www.evearly.news\/fr\/wp-json\/wp\/v2\/tags?post=310223"}],"curies":[{"name":"wp","href":"https:\/\/api.w.org\/{rel}","templated":true}]}}