{"id":310225,"date":"2025-10-09T15:05:09","date_gmt":"2025-10-09T13:05:09","guid":{"rendered":"https:\/\/www.evearly.news\/fr\/le-temps-de-recharge-record-de-cette-voiture-electrique-va-vous-impressionner\/"},"modified":"2025-10-09T15:05:09","modified_gmt":"2025-10-09T13:05:09","slug":"le-temps-de-recharge-record-de-cette-voiture-electrique-va-vous-impressionner","status":"publish","type":"post","link":"https:\/\/www.evearly.news\/fr\/le-temps-de-recharge-record-de-cette-voiture-electrique-va-vous-impressionner\/","title":{"rendered":"Le temps de recharge record de cette voiture \u00e9lectrique va vous impressionner"},"content":{"rendered":"<p><img loading=\"lazy\" decoding=\"async\" width=\"500\" height=\"333\" src=\"https:\/\/www.evearly.news\/fr\/wp-content\/uploads\/sites\/6\/2025\/10\/le-temps-de-recharge-record-de-cette-voiture-electrique-va-vous-impressionner.jpg\" class=\"attachment-1200x800 size-1200x800 wp-post-image\" alt=\"\" srcset=\"https:\/\/www.evearly.news\/fr\/wp-content\/uploads\/sites\/6\/2025\/10\/le-temps-de-recharge-record-de-cette-voiture-electrique-va-vous-impressionner.jpg 1920w, https:\/\/www.evearly.news\/fr\/wp-content\/uploads\/sites\/6\/2025\/10\/le-temps-de-recharge-record-de-cette-voiture-electrique-va-vous-impressionner-1.jpg 1640w, https:\/\/www.evearly.news\/fr\/wp-content\/uploads\/sites\/6\/2025\/10\/le-temps-de-recharge-record-de-cette-voiture-electrique-va-vous-impressionner-2.jpg 1024w, https:\/\/www.evearly.news\/fr\/wp-content\/uploads\/sites\/6\/2025\/10\/le-temps-de-recharge-record-de-cette-voiture-electrique-va-vous-impressionner-3.jpg 768w, https:\/\/www.evearly.news\/fr\/wp-content\/uploads\/sites\/6\/2025\/10\/le-temps-de-recharge-record-de-cette-voiture-electrique-va-vous-impressionner-4.jpg 1536w, https:\/\/cdn.automobile-propre.com\/uploads\/2025\/10\/Zeekr-001-620x349.jpeg 620w\" sizes=\"auto, (max-width: 1200px) 100vw, 1200px\" \/><br \/>\nAvec sa batterie de 95 kWh, la Zeekr 001 est capable de passer de 10 \u00e0 80 % en seulement 7 minutes. Une mise \u00e0 jour r\u00e9cente lui offre une vitesse de charge ph\u00e9nom\u00e9nale en pic pouvant atteindre les 1 140 kW. Encore faut-il trouver le bon chargeur.\u00a0<a href=https:\/\/www.automobile-propre.com\/breves\/une-recharge-de-10-a-80-en-7-minutes-sur-une-voiture-electrique-de-serie-non-ce-nest-pas-de-la-science-fiction\/ target='bwindow'>Lire la suite&#8230;<\/a><\/p>\n","protected":false},"excerpt":{"rendered":"<p>&#8230; <a class=\"continue-reading-link\" href=\"https:\/\/www.evearly.news\/fr\/le-temps-de-recharge-record-de-cette-voiture-electrique-va-vous-impressionner\/\"><\/a><\/p>\n","protected":false},"author":8,"featured_media":310226,"comment_status":"closed","ping_status":"open","sticky":false,"template":"Default","format":"standard","meta":{"footnotes":""},"categories":[8],"tags":[],"class_list":["post-310225","post","type-post","status-publish","format-standard","has-post-thumbnail","hentry","category-automobile-propre"],"_links":{"self":[{"href":"https:\/\/www.evearly.news\/fr\/wp-json\/wp\/v2\/posts\/310225","targetHints":{"allow":["GET"]}}],"collection":[{"href":"https:\/\/www.evearly.news\/fr\/wp-json\/wp\/v2\/posts"}],"about":[{"href":"https:\/\/www.evearly.news\/fr\/wp-json\/wp\/v2\/types\/post"}],"author":[{"embeddable":true,"href":"https:\/\/www.evearly.news\/fr\/wp-json\/wp\/v2\/users\/8"}],"replies":[{"embeddable":true,"href":"https:\/\/www.evearly.news\/fr\/wp-json\/wp\/v2\/comments?post=310225"}],"version-history":[{"count":0,"href":"https:\/\/www.evearly.news\/fr\/wp-json\/wp\/v2\/posts\/310225\/revisions"}],"wp:featuredmedia":[{"embeddable":true,"href":"https:\/\/www.evearly.news\/fr\/wp-json\/wp\/v2\/media\/310226"}],"wp:attachment":[{"href":"https:\/\/www.evearly.news\/fr\/wp-json\/wp\/v2\/media?parent=310225"}],"wp:term":[{"taxonomy":"category","embeddable":true,"href":"https:\/\/www.evearly.news\/fr\/wp-json\/wp\/v2\/categories?post=310225"},{"taxonomy":"post_tag","embeddable":true,"href":"https:\/\/www.evearly.news\/fr\/wp-json\/wp\/v2\/tags?post=310225"}],"curies":[{"name":"wp","href":"https:\/\/api.w.org\/{rel}","templated":true}]}}