{"id":310231,"date":"2025-10-09T18:00:39","date_gmt":"2025-10-09T16:00:39","guid":{"rendered":"https:\/\/www.evearly.news\/fr\/deja-un-restylage-pour-le-nissan-ariya\/"},"modified":"2025-10-09T18:00:39","modified_gmt":"2025-10-09T16:00:39","slug":"deja-un-restylage-pour-le-nissan-ariya","status":"publish","type":"post","link":"https:\/\/www.evearly.news\/fr\/deja-un-restylage-pour-le-nissan-ariya\/","title":{"rendered":"D\u00e9j\u00e0 un restylage pour le Nissan Ariya ?"},"content":{"rendered":"<p><img decoding=\"async\" src=\"https:\/\/www.evearly.news\/fr\/wp-content\/uploads\/sites\/6\/2025\/10\/deja-un-restylage-pour-le-nissan-ariya.webp\" alt=\"auto-moto\"><br \/>Nissan pr\u00e9pare sa venue au Japan Mobility Show en donnant son programme, qui comprend notamment la pr\u00e9sentation d\u2019un Ariya mis \u00e0 jour. Et de fa\u00e7on assez surprenante, celui-ci se d\u00e9voile d\u00e9j\u00e0 en photos sur le site officiel de la marque ! <a href=https:\/\/www.auto-moto.com\/electrique\/nissan-ariya-restylage-tokyo-64833 target=blank>Lire la suite&#8230;<\/a><\/p>\n","protected":false},"excerpt":{"rendered":"<p>Nissan pr\u00e9pare sa venue au Japan Mobility Show en donnant son programme, qui comprend notamment la pr\u00e9sentation d\u2019un Ariya mis \u00e0 jour. Et de fa\u00e7on assez surprenante, celui-ci se d\u00e9voile d\u00e9j\u00e0 en photos sur le site officiel de la marque !&#8230; <a class=\"continue-reading-link\" href=\"https:\/\/www.evearly.news\/fr\/deja-un-restylage-pour-le-nissan-ariya\/\"><\/a><\/p>\n","protected":false},"author":9,"featured_media":310232,"comment_status":"closed","ping_status":"open","sticky":false,"template":"Default","format":"standard","meta":{"footnotes":""},"categories":[10],"tags":[],"class_list":["post-310231","post","type-post","status-publish","format-standard","has-post-thumbnail","hentry","category-auto-moto-com"],"_links":{"self":[{"href":"https:\/\/www.evearly.news\/fr\/wp-json\/wp\/v2\/posts\/310231","targetHints":{"allow":["GET"]}}],"collection":[{"href":"https:\/\/www.evearly.news\/fr\/wp-json\/wp\/v2\/posts"}],"about":[{"href":"https:\/\/www.evearly.news\/fr\/wp-json\/wp\/v2\/types\/post"}],"author":[{"embeddable":true,"href":"https:\/\/www.evearly.news\/fr\/wp-json\/wp\/v2\/users\/9"}],"replies":[{"embeddable":true,"href":"https:\/\/www.evearly.news\/fr\/wp-json\/wp\/v2\/comments?post=310231"}],"version-history":[{"count":0,"href":"https:\/\/www.evearly.news\/fr\/wp-json\/wp\/v2\/posts\/310231\/revisions"}],"wp:featuredmedia":[{"embeddable":true,"href":"https:\/\/www.evearly.news\/fr\/wp-json\/wp\/v2\/media\/310232"}],"wp:attachment":[{"href":"https:\/\/www.evearly.news\/fr\/wp-json\/wp\/v2\/media?parent=310231"}],"wp:term":[{"taxonomy":"category","embeddable":true,"href":"https:\/\/www.evearly.news\/fr\/wp-json\/wp\/v2\/categories?post=310231"},{"taxonomy":"post_tag","embeddable":true,"href":"https:\/\/www.evearly.news\/fr\/wp-json\/wp\/v2\/tags?post=310231"}],"curies":[{"name":"wp","href":"https:\/\/api.w.org\/{rel}","templated":true}]}}