{"id":310233,"date":"2025-10-09T18:02:22","date_gmt":"2025-10-09T16:02:22","guid":{"rendered":"https:\/\/www.evearly.news\/fr\/ou-en-est-loffensive-electrique-de-ford-linterview-de-louis-carl-vignon-president-de-ford-france\/"},"modified":"2025-10-09T18:02:22","modified_gmt":"2025-10-09T16:02:22","slug":"ou-en-est-loffensive-electrique-de-ford-linterview-de-louis-carl-vignon-president-de-ford-france","status":"publish","type":"post","link":"https:\/\/www.evearly.news\/fr\/ou-en-est-loffensive-electrique-de-ford-linterview-de-louis-carl-vignon-president-de-ford-france\/","title":{"rendered":"O\u00f9 en est l\u2019offensive \u00e9lectrique de Ford\u00a0? L\u2019interview de Louis-Carl Vignon, pr\u00e9sident de Ford France"},"content":{"rendered":"<p><img decoding=\"async\" width=\"500\" height=\"333\" src=\"https:\/\/www.evearly.news\/fr\/wp-content\/uploads\/sites\/6\/2025\/10\/ou-en-est-loffensive-electrique-de-ford-linterview-de-louis-carl-vignon-president-de-ford-france.jpg\" class=\"attachment-1200x800 size-1200x800 wp-post-image\" alt=\"\" loading=\"lazy\" srcset=\"https:\/\/www.evearly.news\/fr\/wp-content\/uploads\/sites\/6\/2025\/10\/ou-en-est-loffensive-electrique-de-ford-linterview-de-louis-carl-vignon-president-de-ford-france.jpg 1680w, https:\/\/www.evearly.news\/fr\/wp-content\/uploads\/sites\/6\/2025\/10\/ou-en-est-loffensive-electrique-de-ford-linterview-de-louis-carl-vignon-president-de-ford-france-1.jpg 1640w, https:\/\/www.evearly.news\/fr\/wp-content\/uploads\/sites\/6\/2025\/10\/ou-en-est-loffensive-electrique-de-ford-linterview-de-louis-carl-vignon-president-de-ford-france-2.jpg 1024w, https:\/\/www.evearly.news\/fr\/wp-content\/uploads\/sites\/6\/2025\/10\/ou-en-est-loffensive-electrique-de-ford-linterview-de-louis-carl-vignon-president-de-ford-france-3.jpg 768w, https:\/\/www.evearly.news\/fr\/wp-content\/uploads\/sites\/6\/2025\/10\/ou-en-est-loffensive-electrique-de-ford-linterview-de-louis-carl-vignon-president-de-ford-france-4.jpg 1536w, https:\/\/cdn.automobile-propre.com\/uploads\/2025\/10\/Ford-modeles-electriques-2025-551x413.jpg 551w\" sizes=\"auto, (max-width: 1067px) 100vw, 1067px\" \/><br \/>\nL\u2019ovale bleu a lanc\u00e9 trois mod\u00e8les \u00e9lectriques en un an. On fait le point avec Louis-Carl Vignon, pr\u00e9sident de Ford\u2026\u00a0<a href=https:\/\/www.automobile-propre.com\/articles\/ou-en-est-loffensive-electrique-de-ford-linterview-de-louis-carl-vignon-president-de-ford-france\/ target='bwindow'>Lire la suite&#8230;<\/a><\/p>\n","protected":false},"excerpt":{"rendered":"<p>&#8230; <a class=\"continue-reading-link\" href=\"https:\/\/www.evearly.news\/fr\/ou-en-est-loffensive-electrique-de-ford-linterview-de-louis-carl-vignon-president-de-ford-france\/\"><\/a><\/p>\n","protected":false},"author":8,"featured_media":310234,"comment_status":"closed","ping_status":"open","sticky":false,"template":"Default","format":"standard","meta":{"footnotes":""},"categories":[8],"tags":[],"class_list":["post-310233","post","type-post","status-publish","format-standard","has-post-thumbnail","hentry","category-automobile-propre"],"_links":{"self":[{"href":"https:\/\/www.evearly.news\/fr\/wp-json\/wp\/v2\/posts\/310233","targetHints":{"allow":["GET"]}}],"collection":[{"href":"https:\/\/www.evearly.news\/fr\/wp-json\/wp\/v2\/posts"}],"about":[{"href":"https:\/\/www.evearly.news\/fr\/wp-json\/wp\/v2\/types\/post"}],"author":[{"embeddable":true,"href":"https:\/\/www.evearly.news\/fr\/wp-json\/wp\/v2\/users\/8"}],"replies":[{"embeddable":true,"href":"https:\/\/www.evearly.news\/fr\/wp-json\/wp\/v2\/comments?post=310233"}],"version-history":[{"count":0,"href":"https:\/\/www.evearly.news\/fr\/wp-json\/wp\/v2\/posts\/310233\/revisions"}],"wp:featuredmedia":[{"embeddable":true,"href":"https:\/\/www.evearly.news\/fr\/wp-json\/wp\/v2\/media\/310234"}],"wp:attachment":[{"href":"https:\/\/www.evearly.news\/fr\/wp-json\/wp\/v2\/media?parent=310233"}],"wp:term":[{"taxonomy":"category","embeddable":true,"href":"https:\/\/www.evearly.news\/fr\/wp-json\/wp\/v2\/categories?post=310233"},{"taxonomy":"post_tag","embeddable":true,"href":"https:\/\/www.evearly.news\/fr\/wp-json\/wp\/v2\/tags?post=310233"}],"curies":[{"name":"wp","href":"https:\/\/api.w.org\/{rel}","templated":true}]}}