{"id":310337,"date":"2025-10-11T12:55:01","date_gmt":"2025-10-11T10:55:01","guid":{"rendered":"https:\/\/www.evearly.news\/fr\/peugeot-408-restylee-premieres-photos-dans-la-rue-et-notre-illustration-exclusive\/"},"modified":"2025-10-11T12:55:01","modified_gmt":"2025-10-11T10:55:01","slug":"peugeot-408-restylee-premieres-photos-dans-la-rue-et-notre-illustration-exclusive","status":"publish","type":"post","link":"https:\/\/www.evearly.news\/fr\/peugeot-408-restylee-premieres-photos-dans-la-rue-et-notre-illustration-exclusive\/","title":{"rendered":"Peugeot 408 restyl\u00e9e : premi\u00e8res photos dans la rue et notre illustration exclusive"},"content":{"rendered":"<div class=\"media_block\"><img decoding=\"async\" src=\"https:\/\/www.evearly.news\/fr\/wp-content\/uploads\/sites\/6\/2025\/10\/peugeot-408-restylee-premieres-photos-dans-la-rue-et-notre-illustration-exclusive.jpg\"><\/div>\n<p>Lanc\u00e9e \u00e0 l\u2019automne 2022, la berline atypique Peugeot 408 passera l\u2019an prochain par la case restylage. L\u2019op\u00e9ration cosm\u00e9tique devrait \u00eatre dans la veine de celle de la Peugeot 308 reposant sur la m\u00eame base technique. Calandre et logos lumineux seront aussi au programme sur la 408 phase 2. Ajoutera-t-elle une surprise \u00e0 l\u2019arri\u00e8re ? Myst\u00e8re <a href=https:\/\/www.automobile-magazine.fr\/scoops\/article\/49713-peugeot-408-restylee-premieres-photos-dans-la-rue-et-notre-illustration-exclusive target='bwindow'>Lire la suite&#8230;<\/a><\/p>\n","protected":false},"excerpt":{"rendered":"<div class=\"media_block\"><img decoding=\"async\" src=\"https:\/\/www.evearly.news\/fr\/wp-content\/uploads\/sites\/6\/2025\/10\/peugeot-408-restylee-premieres-photos-dans-la-rue-et-notre-illustration-exclusive.jpg\"><\/div>\n<p> <a class=\"continue-reading-link\" href=\"https:\/\/www.evearly.news\/fr\/peugeot-408-restylee-premieres-photos-dans-la-rue-et-notre-illustration-exclusive\/\"><\/a><\/p>\n","protected":false},"author":7,"featured_media":310338,"comment_status":"closed","ping_status":"open","sticky":false,"template":"Default","format":"standard","meta":{"footnotes":""},"categories":[7],"tags":[],"class_list":["post-310337","post","type-post","status-publish","format-standard","has-post-thumbnail","hentry","category-automobile-magazine"],"_links":{"self":[{"href":"https:\/\/www.evearly.news\/fr\/wp-json\/wp\/v2\/posts\/310337","targetHints":{"allow":["GET"]}}],"collection":[{"href":"https:\/\/www.evearly.news\/fr\/wp-json\/wp\/v2\/posts"}],"about":[{"href":"https:\/\/www.evearly.news\/fr\/wp-json\/wp\/v2\/types\/post"}],"author":[{"embeddable":true,"href":"https:\/\/www.evearly.news\/fr\/wp-json\/wp\/v2\/users\/7"}],"replies":[{"embeddable":true,"href":"https:\/\/www.evearly.news\/fr\/wp-json\/wp\/v2\/comments?post=310337"}],"version-history":[{"count":0,"href":"https:\/\/www.evearly.news\/fr\/wp-json\/wp\/v2\/posts\/310337\/revisions"}],"wp:featuredmedia":[{"embeddable":true,"href":"https:\/\/www.evearly.news\/fr\/wp-json\/wp\/v2\/media\/310338"}],"wp:attachment":[{"href":"https:\/\/www.evearly.news\/fr\/wp-json\/wp\/v2\/media?parent=310337"}],"wp:term":[{"taxonomy":"category","embeddable":true,"href":"https:\/\/www.evearly.news\/fr\/wp-json\/wp\/v2\/categories?post=310337"},{"taxonomy":"post_tag","embeddable":true,"href":"https:\/\/www.evearly.news\/fr\/wp-json\/wp\/v2\/tags?post=310337"}],"curies":[{"name":"wp","href":"https:\/\/api.w.org\/{rel}","templated":true}]}}