{"id":310339,"date":"2025-10-11T13:22:05","date_gmt":"2025-10-11T11:22:05","guid":{"rendered":"https:\/\/www.evearly.news\/fr\/future-audi-a4-e-tron-une-vraie-rupture-pour-concurrencer-la-nouvelle-bmw-serie-3-electrique\/"},"modified":"2025-10-11T13:22:05","modified_gmt":"2025-10-11T11:22:05","slug":"future-audi-a4-e-tron-une-vraie-rupture-pour-concurrencer-la-nouvelle-bmw-serie-3-electrique","status":"publish","type":"post","link":"https:\/\/www.evearly.news\/fr\/future-audi-a4-e-tron-une-vraie-rupture-pour-concurrencer-la-nouvelle-bmw-serie-3-electrique\/","title":{"rendered":"Future Audi A4 e-tron : une vraie rupture pour concurrencer la nouvelle BMW S\u00e9rie 3 \u00e9lectrique"},"content":{"rendered":"<p><img loading=\"lazy\" decoding=\"async\" width=\"500\" height=\"333\" src=\"https:\/\/www.evearly.news\/fr\/wp-content\/uploads\/sites\/6\/2025\/10\/future-audi-a4-e-tron-une-vraie-rupture-pour-concurrencer-la-nouvelle-bmw-serie-3-electrique.jpg\" class=\"attachment-1200x800 size-1200x800 wp-post-image\" alt=\"\" srcset=\"https:\/\/www.evearly.news\/fr\/wp-content\/uploads\/sites\/6\/2025\/10\/future-audi-a4-e-tron-une-vraie-rupture-pour-concurrencer-la-nouvelle-bmw-serie-3-electrique.jpg 1500w, https:\/\/www.evearly.news\/fr\/wp-content\/uploads\/sites\/6\/2025\/10\/future-audi-a4-e-tron-une-vraie-rupture-pour-concurrencer-la-nouvelle-bmw-serie-3-electrique-1.jpg 1024w, https:\/\/www.evearly.news\/fr\/wp-content\/uploads\/sites\/6\/2025\/10\/future-audi-a4-e-tron-une-vraie-rupture-pour-concurrencer-la-nouvelle-bmw-serie-3-electrique-2.jpg 768w, https:\/\/cdn.automobile-propre.com\/uploads\/2025\/09\/A251468_large-551x413.jpg 551w\" sizes=\"auto, (max-width: 1067px) 100vw, 1067px\" \/><br \/>\nAudi pr\u00e9pare une A4 \u00e9lectrique pour 2028. On sait d\u00e9j\u00e0 que la berline sera \u00e9quip\u00e9e d\u2019un logiciel de nouvelle g\u00e9n\u00e9ration et qu&rsquo;elle aura un look inspir\u00e9 de la TT.\u00a0<a href=https:\/\/www.automobile-propre.com\/breves\/audi-a4-e-tron-un-look-inspire-de-la-tt-pour-concurrencer-la-future-bmw-serie-3-electrique\/ target='bwindow'>Lire la suite&#8230;<\/a><\/p>\n","protected":false},"excerpt":{"rendered":"<p>&#8230; <a class=\"continue-reading-link\" href=\"https:\/\/www.evearly.news\/fr\/future-audi-a4-e-tron-une-vraie-rupture-pour-concurrencer-la-nouvelle-bmw-serie-3-electrique\/\"><\/a><\/p>\n","protected":false},"author":8,"featured_media":310340,"comment_status":"closed","ping_status":"open","sticky":false,"template":"Default","format":"standard","meta":{"footnotes":""},"categories":[8],"tags":[],"class_list":["post-310339","post","type-post","status-publish","format-standard","has-post-thumbnail","hentry","category-automobile-propre"],"_links":{"self":[{"href":"https:\/\/www.evearly.news\/fr\/wp-json\/wp\/v2\/posts\/310339","targetHints":{"allow":["GET"]}}],"collection":[{"href":"https:\/\/www.evearly.news\/fr\/wp-json\/wp\/v2\/posts"}],"about":[{"href":"https:\/\/www.evearly.news\/fr\/wp-json\/wp\/v2\/types\/post"}],"author":[{"embeddable":true,"href":"https:\/\/www.evearly.news\/fr\/wp-json\/wp\/v2\/users\/8"}],"replies":[{"embeddable":true,"href":"https:\/\/www.evearly.news\/fr\/wp-json\/wp\/v2\/comments?post=310339"}],"version-history":[{"count":0,"href":"https:\/\/www.evearly.news\/fr\/wp-json\/wp\/v2\/posts\/310339\/revisions"}],"wp:featuredmedia":[{"embeddable":true,"href":"https:\/\/www.evearly.news\/fr\/wp-json\/wp\/v2\/media\/310340"}],"wp:attachment":[{"href":"https:\/\/www.evearly.news\/fr\/wp-json\/wp\/v2\/media?parent=310339"}],"wp:term":[{"taxonomy":"category","embeddable":true,"href":"https:\/\/www.evearly.news\/fr\/wp-json\/wp\/v2\/categories?post=310339"},{"taxonomy":"post_tag","embeddable":true,"href":"https:\/\/www.evearly.news\/fr\/wp-json\/wp\/v2\/tags?post=310339"}],"curies":[{"name":"wp","href":"https:\/\/api.w.org\/{rel}","templated":true}]}}