{"id":310341,"date":"2025-10-11T14:30:48","date_gmt":"2025-10-11T12:30:48","guid":{"rendered":"https:\/\/www.evearly.news\/fr\/actualite-byd-va-augmenter-lautonomie-et-les-performances-de-ce-vehicule-electrique-peu-couteux\/"},"modified":"2025-10-11T14:30:48","modified_gmt":"2025-10-11T12:30:48","slug":"actualite-byd-va-augmenter-lautonomie-et-les-performances-de-ce-vehicule-electrique-peu-couteux","status":"publish","type":"post","link":"https:\/\/www.evearly.news\/fr\/actualite-byd-va-augmenter-lautonomie-et-les-performances-de-ce-vehicule-electrique-peu-couteux\/","title":{"rendered":"Actualit\u00e9 : BYD va augmenter l\u2019autonomie et les performances de ce v\u00e9hicule \u00e9lectrique peu co\u00fbteux"},"content":{"rendered":"<p><img src='https:\/\/www.evearly.news\/fr\/wp-content\/uploads\/sites\/6\/2025\/10\/actualite-byd-va-augmenter-lautonomie-et-les-performances-de-ce-vehicule-electrique-peu-couteux.jpg' alt='Les Num\u00e9riques' \/>BYD pr\u00e9pare une refonte pour son Atto 3. Et au programme, on trouve un boost de l&rsquo;autonomie gr\u00e2ce \u00e0 une batterie plus grande mais aussi une hausse de la puissance. Malheureusement ce nouveau v\u00e9hicule \u00e9lectrique se destine pour le moment uniquement au march\u00e9 chinois. <a href=https:\/\/www.lesnumeriques.com\/voiture-electrique\/byd-va-augmenter-l-autonomie-et-les-performances-de-ce-vehicule-electrique-peu-couteux-n243841.html target='bwindow'>Lire la suite&#8230;<\/a><\/p>\n","protected":false},"excerpt":{"rendered":"<p>BYD pr\u00e9pare une refonte pour son Atto 3. Et au programme, on trouve un boost de l&rsquo;autonomie gr\u00e2ce \u00e0 une batterie plus grande mais aussi une hausse de la puissance. Malheureusement&#8230; <a class=\"continue-reading-link\" href=\"https:\/\/www.evearly.news\/fr\/actualite-byd-va-augmenter-lautonomie-et-les-performances-de-ce-vehicule-electrique-peu-couteux\/\"><\/a><\/p>\n","protected":false},"author":15,"featured_media":310342,"comment_status":"closed","ping_status":"open","sticky":false,"template":"Default","format":"standard","meta":{"footnotes":""},"categories":[16],"tags":[],"class_list":["post-310341","post","type-post","status-publish","format-standard","has-post-thumbnail","hentry","category-lesnumeriques"],"_links":{"self":[{"href":"https:\/\/www.evearly.news\/fr\/wp-json\/wp\/v2\/posts\/310341","targetHints":{"allow":["GET"]}}],"collection":[{"href":"https:\/\/www.evearly.news\/fr\/wp-json\/wp\/v2\/posts"}],"about":[{"href":"https:\/\/www.evearly.news\/fr\/wp-json\/wp\/v2\/types\/post"}],"author":[{"embeddable":true,"href":"https:\/\/www.evearly.news\/fr\/wp-json\/wp\/v2\/users\/15"}],"replies":[{"embeddable":true,"href":"https:\/\/www.evearly.news\/fr\/wp-json\/wp\/v2\/comments?post=310341"}],"version-history":[{"count":0,"href":"https:\/\/www.evearly.news\/fr\/wp-json\/wp\/v2\/posts\/310341\/revisions"}],"wp:featuredmedia":[{"embeddable":true,"href":"https:\/\/www.evearly.news\/fr\/wp-json\/wp\/v2\/media\/310342"}],"wp:attachment":[{"href":"https:\/\/www.evearly.news\/fr\/wp-json\/wp\/v2\/media?parent=310341"}],"wp:term":[{"taxonomy":"category","embeddable":true,"href":"https:\/\/www.evearly.news\/fr\/wp-json\/wp\/v2\/categories?post=310341"},{"taxonomy":"post_tag","embeddable":true,"href":"https:\/\/www.evearly.news\/fr\/wp-json\/wp\/v2\/tags?post=310341"}],"curies":[{"name":"wp","href":"https:\/\/api.w.org\/{rel}","templated":true}]}}