{"id":310350,"date":"2025-10-11T19:26:16","date_gmt":"2025-10-11T17:26:16","guid":{"rendered":"https:\/\/www.evearly.news\/fr\/apres-avoir-connu-des-debuts-catastrophiques-la-volkswagen-id-3-a-bien-reussi-a-inverser-la-tendance\/"},"modified":"2025-10-11T19:26:16","modified_gmt":"2025-10-11T17:26:16","slug":"apres-avoir-connu-des-debuts-catastrophiques-la-volkswagen-id-3-a-bien-reussi-a-inverser-la-tendance","status":"publish","type":"post","link":"https:\/\/www.evearly.news\/fr\/apres-avoir-connu-des-debuts-catastrophiques-la-volkswagen-id-3-a-bien-reussi-a-inverser-la-tendance\/","title":{"rendered":"Apr\u00e8s avoir connu des d\u00e9buts catastrophiques, la Volkswagen ID.3 a bien r\u00e9ussi \u00e0 inverser la tendance"},"content":{"rendered":"<div class=\"media_block\"><img decoding=\"async\" src=\"https:\/\/www.evearly.news\/fr\/wp-content\/uploads\/sites\/6\/2025\/10\/apres-avoir-connu-des-debuts-catastrophiques-la-volkswagen-id-3-a-bien-reussi-a-inverser-la-tendance.jpg\"><\/div>\n<p>D\u00e9veloppement compliqu\u00e9, lancement en plein c\u0153ur d&rsquo;une \u00e9pid\u00e9mie mondiale, bugs \u00e9lectroniques en pagaille, sans parler d&rsquo;un look controvers\u00e9 : la Volkswagen ID.3 a connu un d\u00e9but de carri\u00e8re pour le moins difficile, avec des ventes loin de r\u00e9pondre aux attentes de ses cr\u00e9ateurs. Mais cette compacte \u00e9lectrique a su bien r\u00e9agir, avec un restylage, des baisses de prix et d&rsquo;autres mesures. Elle r\u00e9ussit m\u00eame d\u00e9sormais \u00e0 passer devant sa grande rivale Renault M\u00e9gane E-Tech en France ! <a href=https:\/\/www.automobile-magazine.fr\/voitures-electriques\/article\/49712-apres-avoir-connu-des-debuts-catastrophiques-la-volkswagen-id3-a-bien-reussi-a-inverser-la-tendance target='bwindow'>Lire la suite&#8230;<\/a><\/p>\n","protected":false},"excerpt":{"rendered":"<div class=\"media_block\"><img decoding=\"async\" src=\"https:\/\/www.evearly.news\/fr\/wp-content\/uploads\/sites\/6\/2025\/10\/apres-avoir-connu-des-debuts-catastrophiques-la-volkswagen-id-3-a-bien-reussi-a-inverser-la-tendance.jpg\"><\/div>\n<p> <a class=\"continue-reading-link\" href=\"https:\/\/www.evearly.news\/fr\/apres-avoir-connu-des-debuts-catastrophiques-la-volkswagen-id-3-a-bien-reussi-a-inverser-la-tendance\/\"><\/a><\/p>\n","protected":false},"author":7,"featured_media":310351,"comment_status":"closed","ping_status":"open","sticky":false,"template":"Default","format":"standard","meta":{"footnotes":""},"categories":[7],"tags":[],"class_list":["post-310350","post","type-post","status-publish","format-standard","has-post-thumbnail","hentry","category-automobile-magazine"],"_links":{"self":[{"href":"https:\/\/www.evearly.news\/fr\/wp-json\/wp\/v2\/posts\/310350","targetHints":{"allow":["GET"]}}],"collection":[{"href":"https:\/\/www.evearly.news\/fr\/wp-json\/wp\/v2\/posts"}],"about":[{"href":"https:\/\/www.evearly.news\/fr\/wp-json\/wp\/v2\/types\/post"}],"author":[{"embeddable":true,"href":"https:\/\/www.evearly.news\/fr\/wp-json\/wp\/v2\/users\/7"}],"replies":[{"embeddable":true,"href":"https:\/\/www.evearly.news\/fr\/wp-json\/wp\/v2\/comments?post=310350"}],"version-history":[{"count":0,"href":"https:\/\/www.evearly.news\/fr\/wp-json\/wp\/v2\/posts\/310350\/revisions"}],"wp:featuredmedia":[{"embeddable":true,"href":"https:\/\/www.evearly.news\/fr\/wp-json\/wp\/v2\/media\/310351"}],"wp:attachment":[{"href":"https:\/\/www.evearly.news\/fr\/wp-json\/wp\/v2\/media?parent=310350"}],"wp:term":[{"taxonomy":"category","embeddable":true,"href":"https:\/\/www.evearly.news\/fr\/wp-json\/wp\/v2\/categories?post=310350"},{"taxonomy":"post_tag","embeddable":true,"href":"https:\/\/www.evearly.news\/fr\/wp-json\/wp\/v2\/tags?post=310350"}],"curies":[{"name":"wp","href":"https:\/\/api.w.org\/{rel}","templated":true}]}}