{"id":310356,"date":"2025-10-11T21:30:30","date_gmt":"2025-10-11T19:30:30","guid":{"rendered":"https:\/\/www.evearly.news\/fr\/et-si-dacia-reinventait-la-2cv-au-nez-et-a-la-barbe-de-citroen\/"},"modified":"2025-10-11T21:30:30","modified_gmt":"2025-10-11T19:30:30","slug":"et-si-dacia-reinventait-la-2cv-au-nez-et-a-la-barbe-de-citroen","status":"publish","type":"post","link":"https:\/\/www.evearly.news\/fr\/et-si-dacia-reinventait-la-2cv-au-nez-et-a-la-barbe-de-citroen\/","title":{"rendered":"Et si Dacia r\u00e9inventait la 2CV au nez et \u00e0 la barbe de Citro\u00ebn ?"},"content":{"rendered":"<div class=\"media_block\"><img decoding=\"async\" src=\"https:\/\/www.evearly.news\/fr\/wp-content\/uploads\/sites\/6\/2025\/10\/et-si-dacia-reinventait-la-2cv-au-nez-et-a-la-barbe-de-citroen.jpg\"><\/div>\n<p>Avec le concept car Hipster, Dacia ouvre la voie d\u2019une Kei Car \u00e0 l\u2019Europ\u00e9enne, soit une E-Car, un engin 100% \u00e9lectrique entre voiture et voiturette taill\u00e9 pour 4 \u00e0 prix voisin de 12 000 \u20ac. La pi\u00e8ce manquante entre le Mobilize duo et la Dacia Spring. Ou entre une Ami et une \u00eb-C3. Car Citro\u00ebn est aussi sur le coup avec une future \u00ab 2CV \u00bb. Mais qui de Dacia ou de Citro\u00ebn d\u00e9gainera en s\u00e9rie le premier ? <a href=https:\/\/www.automobile-magazine.fr\/scoops\/article\/49704-et-si-dacia-reinventait-la-2cv-au-nez-et-a-la-barbe-de-citroen target='bwindow'>Lire la suite&#8230;<\/a><\/p>\n","protected":false},"excerpt":{"rendered":"<div class=\"media_block\"><img decoding=\"async\" src=\"https:\/\/www.evearly.news\/fr\/wp-content\/uploads\/sites\/6\/2025\/10\/et-si-dacia-reinventait-la-2cv-au-nez-et-a-la-barbe-de-citroen.jpg\"><\/div>\n<p> <a class=\"continue-reading-link\" href=\"https:\/\/www.evearly.news\/fr\/et-si-dacia-reinventait-la-2cv-au-nez-et-a-la-barbe-de-citroen\/\"><\/a><\/p>\n","protected":false},"author":7,"featured_media":310357,"comment_status":"closed","ping_status":"open","sticky":false,"template":"Default","format":"standard","meta":{"footnotes":""},"categories":[7],"tags":[],"class_list":["post-310356","post","type-post","status-publish","format-standard","has-post-thumbnail","hentry","category-automobile-magazine"],"_links":{"self":[{"href":"https:\/\/www.evearly.news\/fr\/wp-json\/wp\/v2\/posts\/310356","targetHints":{"allow":["GET"]}}],"collection":[{"href":"https:\/\/www.evearly.news\/fr\/wp-json\/wp\/v2\/posts"}],"about":[{"href":"https:\/\/www.evearly.news\/fr\/wp-json\/wp\/v2\/types\/post"}],"author":[{"embeddable":true,"href":"https:\/\/www.evearly.news\/fr\/wp-json\/wp\/v2\/users\/7"}],"replies":[{"embeddable":true,"href":"https:\/\/www.evearly.news\/fr\/wp-json\/wp\/v2\/comments?post=310356"}],"version-history":[{"count":0,"href":"https:\/\/www.evearly.news\/fr\/wp-json\/wp\/v2\/posts\/310356\/revisions"}],"wp:featuredmedia":[{"embeddable":true,"href":"https:\/\/www.evearly.news\/fr\/wp-json\/wp\/v2\/media\/310357"}],"wp:attachment":[{"href":"https:\/\/www.evearly.news\/fr\/wp-json\/wp\/v2\/media?parent=310356"}],"wp:term":[{"taxonomy":"category","embeddable":true,"href":"https:\/\/www.evearly.news\/fr\/wp-json\/wp\/v2\/categories?post=310356"},{"taxonomy":"post_tag","embeddable":true,"href":"https:\/\/www.evearly.news\/fr\/wp-json\/wp\/v2\/tags?post=310356"}],"curies":[{"name":"wp","href":"https:\/\/api.w.org\/{rel}","templated":true}]}}