{"id":310362,"date":"2025-10-12T10:52:03","date_gmt":"2025-10-12T08:52:03","guid":{"rendered":"https:\/\/www.evearly.news\/fr\/comment-eviter-que-ca-coince-a-la-recharge-des-camions-electriques-en-europe\/"},"modified":"2025-10-12T10:52:03","modified_gmt":"2025-10-12T08:52:03","slug":"comment-eviter-que-ca-coince-a-la-recharge-des-camions-electriques-en-europe","status":"publish","type":"post","link":"https:\/\/www.evearly.news\/fr\/comment-eviter-que-ca-coince-a-la-recharge-des-camions-electriques-en-europe\/","title":{"rendered":"Comment \u00e9viter que \u00e7a coince \u00e0 la recharge des camions \u00e9lectriques en Europe ?"},"content":{"rendered":"<p><img decoding=\"async\" width=\"500\" height=\"333\" src=\"https:\/\/www.evearly.news\/fr\/wp-content\/uploads\/sites\/6\/2025\/10\/comment-eviter-que-ca-coince-a-la-recharge-des-camions-electriques-en-europe.jpg\" class=\"attachment-1200x800 size-1200x800 wp-post-image\" alt=\"Mercedes e-Actros\" loading=\"lazy\" srcset=\"https:\/\/www.evearly.news\/fr\/wp-content\/uploads\/sites\/6\/2025\/10\/comment-eviter-que-ca-coince-a-la-recharge-des-camions-electriques-en-europe.jpg 1200w, https:\/\/www.evearly.news\/fr\/wp-content\/uploads\/sites\/6\/2025\/10\/comment-eviter-que-ca-coince-a-la-recharge-des-camions-electriques-en-europe-1.jpg 1024w, https:\/\/www.evearly.news\/fr\/wp-content\/uploads\/sites\/6\/2025\/10\/comment-eviter-que-ca-coince-a-la-recharge-des-camions-electriques-en-europe-2.jpg 140w, https:\/\/www.evearly.news\/fr\/wp-content\/uploads\/sites\/6\/2025\/10\/comment-eviter-que-ca-coince-a-la-recharge-des-camions-electriques-en-europe-3.jpg 768w, https:\/\/www.evearly.news\/fr\/wp-content\/uploads\/sites\/6\/2025\/10\/comment-eviter-que-ca-coince-a-la-recharge-des-camions-electriques-en-europe-4.jpg 620w, https:\/\/www.evearly.news\/fr\/wp-content\/uploads\/sites\/6\/2025\/10\/comment-eviter-que-ca-coince-a-la-recharge-des-camions-electriques-en-europe-5.jpg 100w, https:\/\/www.evearly.news\/fr\/wp-content\/uploads\/sites\/6\/2025\/10\/comment-eviter-que-ca-coince-a-la-recharge-des-camions-electriques-en-europe-6.jpg 190w, https:\/\/cdn.automobile-propre.com\/uploads\/2025\/10\/APF1009_cRechCamion-600x400.jpg 600w\" sizes=\"auto, (max-width: 1200px) 100vw, 1200px\" \/><br \/>\nOrganisation ind\u00e9pendante, l\u2019International Council on Clean Transportation (ICCT) a cherch\u00e9 \u00e0 savoir si les objectifs europ\u00e9ens en d\u00e9ploiement d\u2019infrastructures de\u2026\u00a0<a href=https:\/\/www.automobile-propre.com\/articles\/comment-eviter-que-ca-coince-a-la-recharge-des-camions-electriques-en-europe\/ target='bwindow'>Lire la suite&#8230;<\/a><\/p>\n","protected":false},"excerpt":{"rendered":"<p>&#8230; <a class=\"continue-reading-link\" href=\"https:\/\/www.evearly.news\/fr\/comment-eviter-que-ca-coince-a-la-recharge-des-camions-electriques-en-europe\/\"><\/a><\/p>\n","protected":false},"author":8,"featured_media":310363,"comment_status":"closed","ping_status":"open","sticky":false,"template":"Default","format":"standard","meta":{"footnotes":""},"categories":[8],"tags":[],"class_list":["post-310362","post","type-post","status-publish","format-standard","has-post-thumbnail","hentry","category-automobile-propre"],"_links":{"self":[{"href":"https:\/\/www.evearly.news\/fr\/wp-json\/wp\/v2\/posts\/310362","targetHints":{"allow":["GET"]}}],"collection":[{"href":"https:\/\/www.evearly.news\/fr\/wp-json\/wp\/v2\/posts"}],"about":[{"href":"https:\/\/www.evearly.news\/fr\/wp-json\/wp\/v2\/types\/post"}],"author":[{"embeddable":true,"href":"https:\/\/www.evearly.news\/fr\/wp-json\/wp\/v2\/users\/8"}],"replies":[{"embeddable":true,"href":"https:\/\/www.evearly.news\/fr\/wp-json\/wp\/v2\/comments?post=310362"}],"version-history":[{"count":0,"href":"https:\/\/www.evearly.news\/fr\/wp-json\/wp\/v2\/posts\/310362\/revisions"}],"wp:featuredmedia":[{"embeddable":true,"href":"https:\/\/www.evearly.news\/fr\/wp-json\/wp\/v2\/media\/310363"}],"wp:attachment":[{"href":"https:\/\/www.evearly.news\/fr\/wp-json\/wp\/v2\/media?parent=310362"}],"wp:term":[{"taxonomy":"category","embeddable":true,"href":"https:\/\/www.evearly.news\/fr\/wp-json\/wp\/v2\/categories?post=310362"},{"taxonomy":"post_tag","embeddable":true,"href":"https:\/\/www.evearly.news\/fr\/wp-json\/wp\/v2\/tags?post=310362"}],"curies":[{"name":"wp","href":"https:\/\/api.w.org\/{rel}","templated":true}]}}