{"id":310366,"date":"2025-10-12T12:24:55","date_gmt":"2025-10-12T10:24:55","guid":{"rendered":"https:\/\/www.evearly.news\/fr\/taxer-les-voitures-electriques-pour-entretenir-les-routes-une-idee-qui-fait-son-chemin\/"},"modified":"2025-10-12T12:24:55","modified_gmt":"2025-10-12T10:24:55","slug":"taxer-les-voitures-electriques-pour-entretenir-les-routes-une-idee-qui-fait-son-chemin","status":"publish","type":"post","link":"https:\/\/www.evearly.news\/fr\/taxer-les-voitures-electriques-pour-entretenir-les-routes-une-idee-qui-fait-son-chemin\/","title":{"rendered":"Taxer les voitures \u00e9lectriques pour entretenir les routes, une id\u00e9e qui fait son chemin"},"content":{"rendered":"<div class=\"media_block\"><img decoding=\"async\" src=\"https:\/\/www.evearly.news\/fr\/wp-content\/uploads\/sites\/6\/2025\/10\/taxer-les-voitures-electriques-pour-entretenir-les-routes-une-idee-qui-fait-son-chemin.jpg\"><\/div>\n<p>En Suisse, l&rsquo;id\u00e9e de taxer les \u00e9lectriques pour compenser la baisse des ventes de thermiques suit son chemin. Le Conseil f\u00e9d\u00e9ral a pr\u00e9sent\u00e9 deux mesures, qui seront d\u00e9battues dans les prochains mois. Les Suisses auront ensuite la parole \u00e0 partir du mois de janvier prochain. <a href=https:\/\/www.automobile-magazine.fr\/voitures-electriques\/article\/49675-taxer-les-voitures-electriques-pour-entretenir-les-routes-une-idee-qui-fait-son-chemin target='bwindow'>Lire la suite&#8230;<\/a><\/p>\n","protected":false},"excerpt":{"rendered":"<div class=\"media_block\"><img decoding=\"async\" src=\"https:\/\/www.evearly.news\/fr\/wp-content\/uploads\/sites\/6\/2025\/10\/taxer-les-voitures-electriques-pour-entretenir-les-routes-une-idee-qui-fait-son-chemin.jpg\"><\/div>\n<p> <a class=\"continue-reading-link\" href=\"https:\/\/www.evearly.news\/fr\/taxer-les-voitures-electriques-pour-entretenir-les-routes-une-idee-qui-fait-son-chemin\/\"><\/a><\/p>\n","protected":false},"author":7,"featured_media":310367,"comment_status":"closed","ping_status":"open","sticky":false,"template":"Default","format":"standard","meta":{"footnotes":""},"categories":[7],"tags":[],"class_list":["post-310366","post","type-post","status-publish","format-standard","has-post-thumbnail","hentry","category-automobile-magazine"],"_links":{"self":[{"href":"https:\/\/www.evearly.news\/fr\/wp-json\/wp\/v2\/posts\/310366","targetHints":{"allow":["GET"]}}],"collection":[{"href":"https:\/\/www.evearly.news\/fr\/wp-json\/wp\/v2\/posts"}],"about":[{"href":"https:\/\/www.evearly.news\/fr\/wp-json\/wp\/v2\/types\/post"}],"author":[{"embeddable":true,"href":"https:\/\/www.evearly.news\/fr\/wp-json\/wp\/v2\/users\/7"}],"replies":[{"embeddable":true,"href":"https:\/\/www.evearly.news\/fr\/wp-json\/wp\/v2\/comments?post=310366"}],"version-history":[{"count":0,"href":"https:\/\/www.evearly.news\/fr\/wp-json\/wp\/v2\/posts\/310366\/revisions"}],"wp:featuredmedia":[{"embeddable":true,"href":"https:\/\/www.evearly.news\/fr\/wp-json\/wp\/v2\/media\/310367"}],"wp:attachment":[{"href":"https:\/\/www.evearly.news\/fr\/wp-json\/wp\/v2\/media?parent=310366"}],"wp:term":[{"taxonomy":"category","embeddable":true,"href":"https:\/\/www.evearly.news\/fr\/wp-json\/wp\/v2\/categories?post=310366"},{"taxonomy":"post_tag","embeddable":true,"href":"https:\/\/www.evearly.news\/fr\/wp-json\/wp\/v2\/tags?post=310366"}],"curies":[{"name":"wp","href":"https:\/\/api.w.org\/{rel}","templated":true}]}}