{"id":310368,"date":"2025-10-12T12:30:00","date_gmt":"2025-10-12T10:30:00","guid":{"rendered":"https:\/\/www.evearly.news\/fr\/on-a-dormi-dans-la-nouvelle-rolls-royce-spectre-black-badge-electrique\/"},"modified":"2025-10-12T12:30:00","modified_gmt":"2025-10-12T10:30:00","slug":"on-a-dormi-dans-la-nouvelle-rolls-royce-spectre-black-badge-electrique","status":"publish","type":"post","link":"https:\/\/www.evearly.news\/fr\/on-a-dormi-dans-la-nouvelle-rolls-royce-spectre-black-badge-electrique\/","title":{"rendered":"On a dormi dans la nouvelle Rolls-Royce Spectre Black Badge \u00e9lectrique"},"content":{"rendered":"<p><img decoding=\"async\" src=\"https:\/\/www.evearly.news\/fr\/wp-content\/uploads\/sites\/6\/2025\/10\/on-a-dormi-dans-la-nouvelle-rolls-royce-spectre-black-badge-electrique.jpg\" alt=\"caradisiac\" ><br \/>ESSAI VIDEO\u00a0\u2013\u00a0On dit que l\u2019argent ne fait pas le bonheur mais il faut tout de m\u00eame bien avouer que vivre et voyager en Rolls-Royce Spectre Black Badge permet d\u2019am\u00e9liorer sensiblement ses conditions de transport dans la routine du quotidien. D\u2019autant plus que la technologie \u00e9lectrique se marie tr\u00e8s bien \u00e0 l\u2019univers de la marque, m\u00eame si elle reste d\u00e9pendante de la qualit\u00e9 des infrastructures de charge du r\u00e9seau qu\u2019elle emprunte. <a href=https:\/\/www.caradisiac.com\/on-a-dormi-dans-la-nouvelle-rolls-royce-spectre-black-badge-electrique-218200.htm#xtor=RSS-40 target=blank>Lire la suite&#8230;<\/a><\/p>\n","protected":false},"excerpt":{"rendered":"<p><img decoding=\"async\" src=\"https:\/\/www.evearly.news\/fr\/wp-content\/uploads\/sites\/6\/2025\/10\/on-a-dormi-dans-la-nouvelle-rolls-royce-spectre-black-badge-electrique.jpg\" alt=\"caradisiac\"><br \/>ESSAI VIDEO\u00a0\u2013\u00a0On dit que l\u2019argent ne fait pas le bonheur mais il faut tout de m\u00eame bien avouer que vivre et voyager en Rolls-Royce Spectre Black Badge permet d\u2019am\u00e9liorer sensiblement ses conditions de transport dans la routine du quotidien. D\u2019autant plus que la technologie \u00e9lectrique se marie tr\u00e8s bien \u00e0 l\u2019univers de la marque, m\u00eame si elle reste d\u00e9pendante de la qualit\u00e9 des infrastructures de charge du r\u00e9seau qu\u2019elle emprunte.<\/p>\n<p> <a class=\"continue-reading-link\" href=\"https:\/\/www.evearly.news\/fr\/on-a-dormi-dans-la-nouvelle-rolls-royce-spectre-black-badge-electrique\/\"><\/a><\/p>\n","protected":false},"author":11,"featured_media":310369,"comment_status":"closed","ping_status":"open","sticky":false,"template":"Default","format":"standard","meta":{"footnotes":""},"categories":[11],"tags":[],"class_list":["post-310368","post","type-post","status-publish","format-standard","has-post-thumbnail","hentry","category-caradisiac"],"_links":{"self":[{"href":"https:\/\/www.evearly.news\/fr\/wp-json\/wp\/v2\/posts\/310368","targetHints":{"allow":["GET"]}}],"collection":[{"href":"https:\/\/www.evearly.news\/fr\/wp-json\/wp\/v2\/posts"}],"about":[{"href":"https:\/\/www.evearly.news\/fr\/wp-json\/wp\/v2\/types\/post"}],"author":[{"embeddable":true,"href":"https:\/\/www.evearly.news\/fr\/wp-json\/wp\/v2\/users\/11"}],"replies":[{"embeddable":true,"href":"https:\/\/www.evearly.news\/fr\/wp-json\/wp\/v2\/comments?post=310368"}],"version-history":[{"count":0,"href":"https:\/\/www.evearly.news\/fr\/wp-json\/wp\/v2\/posts\/310368\/revisions"}],"wp:featuredmedia":[{"embeddable":true,"href":"https:\/\/www.evearly.news\/fr\/wp-json\/wp\/v2\/media\/310369"}],"wp:attachment":[{"href":"https:\/\/www.evearly.news\/fr\/wp-json\/wp\/v2\/media?parent=310368"}],"wp:term":[{"taxonomy":"category","embeddable":true,"href":"https:\/\/www.evearly.news\/fr\/wp-json\/wp\/v2\/categories?post=310368"},{"taxonomy":"post_tag","embeddable":true,"href":"https:\/\/www.evearly.news\/fr\/wp-json\/wp\/v2\/tags?post=310368"}],"curies":[{"name":"wp","href":"https:\/\/api.w.org\/{rel}","templated":true}]}}