{"id":310374,"date":"2025-10-12T16:52:00","date_gmt":"2025-10-12T14:52:00","guid":{"rendered":"https:\/\/www.evearly.news\/fr\/leurope-fait-un-geste-en-faveur-des-camions-electriques\/"},"modified":"2025-10-12T16:52:00","modified_gmt":"2025-10-12T14:52:00","slug":"leurope-fait-un-geste-en-faveur-des-camions-electriques","status":"publish","type":"post","link":"https:\/\/www.evearly.news\/fr\/leurope-fait-un-geste-en-faveur-des-camions-electriques\/","title":{"rendered":"L\u2019Europe fait un geste en faveur des camions \u00e9lectriques"},"content":{"rendered":"<p><img loading=\"lazy\" decoding=\"async\" width=\"500\" height=\"333\" src=\"https:\/\/www.evearly.news\/fr\/wp-content\/uploads\/sites\/6\/2025\/10\/leurope-fait-un-geste-en-faveur-des-camions-electriques.jpg\" class=\"attachment-1200x800 size-1200x800 wp-post-image\" alt=\"\" srcset=\"https:\/\/www.evearly.news\/fr\/wp-content\/uploads\/sites\/6\/2025\/10\/leurope-fait-un-geste-en-faveur-des-camions-electriques.jpg 1600w, https:\/\/www.evearly.news\/fr\/wp-content\/uploads\/sites\/6\/2025\/10\/leurope-fait-un-geste-en-faveur-des-camions-electriques-1.jpg 1024w, https:\/\/www.evearly.news\/fr\/wp-content\/uploads\/sites\/6\/2025\/10\/leurope-fait-un-geste-en-faveur-des-camions-electriques-2.jpg 768w, https:\/\/www.evearly.news\/fr\/wp-content\/uploads\/sites\/6\/2025\/10\/leurope-fait-un-geste-en-faveur-des-camions-electriques-3.jpg 1536w, https:\/\/cdn.automobile-propre.com\/uploads\/2024\/07\/Camion-electrique-524x413.jpeg 524w\" sizes=\"auto, (max-width: 1016px) 100vw, 1016px\" \/><br \/>\nBonne nouvelle pour les transporteurs : les poids lourds z\u00e9ro \u00e9mission ne paieront pas de p\u00e9age avant fin 2031 en Europe. Le Parlement europ\u00e9en vient de voter pour prolonger cette exon\u00e9ration.\u00a0<a href=https:\/\/www.automobile-propre.com\/breves\/leurope-fait-un-geste-en-faveur-des-camions-electriques\/ target='bwindow'>Lire la suite&#8230;<\/a><\/p>\n","protected":false},"excerpt":{"rendered":"<p>&#8230; <a class=\"continue-reading-link\" href=\"https:\/\/www.evearly.news\/fr\/leurope-fait-un-geste-en-faveur-des-camions-electriques\/\"><\/a><\/p>\n","protected":false},"author":8,"featured_media":310375,"comment_status":"closed","ping_status":"open","sticky":false,"template":"Default","format":"standard","meta":{"footnotes":""},"categories":[8],"tags":[],"class_list":["post-310374","post","type-post","status-publish","format-standard","has-post-thumbnail","hentry","category-automobile-propre"],"_links":{"self":[{"href":"https:\/\/www.evearly.news\/fr\/wp-json\/wp\/v2\/posts\/310374","targetHints":{"allow":["GET"]}}],"collection":[{"href":"https:\/\/www.evearly.news\/fr\/wp-json\/wp\/v2\/posts"}],"about":[{"href":"https:\/\/www.evearly.news\/fr\/wp-json\/wp\/v2\/types\/post"}],"author":[{"embeddable":true,"href":"https:\/\/www.evearly.news\/fr\/wp-json\/wp\/v2\/users\/8"}],"replies":[{"embeddable":true,"href":"https:\/\/www.evearly.news\/fr\/wp-json\/wp\/v2\/comments?post=310374"}],"version-history":[{"count":0,"href":"https:\/\/www.evearly.news\/fr\/wp-json\/wp\/v2\/posts\/310374\/revisions"}],"wp:featuredmedia":[{"embeddable":true,"href":"https:\/\/www.evearly.news\/fr\/wp-json\/wp\/v2\/media\/310375"}],"wp:attachment":[{"href":"https:\/\/www.evearly.news\/fr\/wp-json\/wp\/v2\/media?parent=310374"}],"wp:term":[{"taxonomy":"category","embeddable":true,"href":"https:\/\/www.evearly.news\/fr\/wp-json\/wp\/v2\/categories?post=310374"},{"taxonomy":"post_tag","embeddable":true,"href":"https:\/\/www.evearly.news\/fr\/wp-json\/wp\/v2\/tags?post=310374"}],"curies":[{"name":"wp","href":"https:\/\/api.w.org\/{rel}","templated":true}]}}