{"id":310382,"date":"2025-10-12T19:00:08","date_gmt":"2025-10-12T17:00:08","guid":{"rendered":"https:\/\/www.evearly.news\/fr\/la-citroen-e-c3-face-a-la-dacia-spring-le-match-des-electriques-a-moins-de-20-000-e\/"},"modified":"2025-10-12T19:00:08","modified_gmt":"2025-10-12T17:00:08","slug":"la-citroen-e-c3-face-a-la-dacia-spring-le-match-des-electriques-a-moins-de-20-000-e","status":"publish","type":"post","link":"https:\/\/www.evearly.news\/fr\/la-citroen-e-c3-face-a-la-dacia-spring-le-match-des-electriques-a-moins-de-20-000-e\/","title":{"rendered":"La Citro\u00ebn \u00eb-C3 face \u00e0 la Dacia Spring : le match des \u00e9lectriques \u00e0 moins de 20 000 \u20ac"},"content":{"rendered":"<div class=\"media_block\"><img decoding=\"async\" src=\"https:\/\/www.evearly.news\/fr\/wp-content\/uploads\/sites\/6\/2025\/10\/la-citroen-e-c3-face-a-la-dacia-spring-le-match-des-electriques-a-moins-de-20-000-e.jpg\"><\/div>\n<p>La Dacia Spring vient de monter en puissance \u00e0 l\u2019aide d\u2019une version de 100 ch tandis que la Citro\u00ebn \u00eb-C3 a fait le chemin inverse avec une variante de 82 ch. Les deux citadines \u00e9lectriques sont d\u00e9sormais tr\u00e8s proches en termes de prix, 19 900 \u20ac pour la roumaine assembl\u00e9e en Chine et 19 990 \u20ac pour la fran\u00e7aise produite en Slovaquie et en Serbie. Mais elles ne s\u2019attaquent pas vraiment frontalement. Puissance, autonomie, capacit\u00e9 de batterie on fait le point. <a href=https:\/\/www.automobile-magazine.fr\/lactualite-du-prix-des-voitures-neuves\/article\/49672-la-citroen-e-c3-face-a-la-dacia-spring-le-match-des-electriques-a-moins-de-20-000-eur target='bwindow'>Lire la suite&#8230;<\/a><\/p>\n","protected":false},"excerpt":{"rendered":"<div class=\"media_block\"><img decoding=\"async\" src=\"https:\/\/www.evearly.news\/fr\/wp-content\/uploads\/sites\/6\/2025\/10\/la-citroen-e-c3-face-a-la-dacia-spring-le-match-des-electriques-a-moins-de-20-000-e.jpg\"><\/div>\n<p> <a class=\"continue-reading-link\" href=\"https:\/\/www.evearly.news\/fr\/la-citroen-e-c3-face-a-la-dacia-spring-le-match-des-electriques-a-moins-de-20-000-e\/\"><\/a><\/p>\n","protected":false},"author":7,"featured_media":310383,"comment_status":"closed","ping_status":"open","sticky":false,"template":"Default","format":"standard","meta":{"footnotes":""},"categories":[7],"tags":[],"class_list":["post-310382","post","type-post","status-publish","format-standard","has-post-thumbnail","hentry","category-automobile-magazine"],"_links":{"self":[{"href":"https:\/\/www.evearly.news\/fr\/wp-json\/wp\/v2\/posts\/310382","targetHints":{"allow":["GET"]}}],"collection":[{"href":"https:\/\/www.evearly.news\/fr\/wp-json\/wp\/v2\/posts"}],"about":[{"href":"https:\/\/www.evearly.news\/fr\/wp-json\/wp\/v2\/types\/post"}],"author":[{"embeddable":true,"href":"https:\/\/www.evearly.news\/fr\/wp-json\/wp\/v2\/users\/7"}],"replies":[{"embeddable":true,"href":"https:\/\/www.evearly.news\/fr\/wp-json\/wp\/v2\/comments?post=310382"}],"version-history":[{"count":0,"href":"https:\/\/www.evearly.news\/fr\/wp-json\/wp\/v2\/posts\/310382\/revisions"}],"wp:featuredmedia":[{"embeddable":true,"href":"https:\/\/www.evearly.news\/fr\/wp-json\/wp\/v2\/media\/310383"}],"wp:attachment":[{"href":"https:\/\/www.evearly.news\/fr\/wp-json\/wp\/v2\/media?parent=310382"}],"wp:term":[{"taxonomy":"category","embeddable":true,"href":"https:\/\/www.evearly.news\/fr\/wp-json\/wp\/v2\/categories?post=310382"},{"taxonomy":"post_tag","embeddable":true,"href":"https:\/\/www.evearly.news\/fr\/wp-json\/wp\/v2\/tags?post=310382"}],"curies":[{"name":"wp","href":"https:\/\/api.w.org\/{rel}","templated":true}]}}