{"id":310386,"date":"2025-10-12T22:08:46","date_gmt":"2025-10-12T20:08:46","guid":{"rendered":"https:\/\/www.evearly.news\/fr\/bmw-ix4-et-si-cetait-lui-le-vrai-rival-de-la-tesla-model-y\/"},"modified":"2025-10-12T22:08:46","modified_gmt":"2025-10-12T20:08:46","slug":"bmw-ix4-et-si-cetait-lui-le-vrai-rival-de-la-tesla-model-y","status":"publish","type":"post","link":"https:\/\/www.evearly.news\/fr\/bmw-ix4-et-si-cetait-lui-le-vrai-rival-de-la-tesla-model-y\/","title":{"rendered":"BMW iX4 : et si c&rsquo;\u00e9tait lui le vrai rival de la Tesla Model Y ?"},"content":{"rendered":"<div class=\"media_block\"><img decoding=\"async\" src=\"https:\/\/www.evearly.news\/fr\/wp-content\/uploads\/sites\/6\/2025\/10\/bmw-ix4-et-si-cetait-lui-le-vrai-rival-de-la-tesla-model-y.jpg\"><\/div>\n<p>Cette ann\u00e9e, le BMW X4 de seconde g\u00e9n\u00e9ration qui fut lanc\u00e9 \u00e0 l\u2019\u00e9t\u00e9 2018, puis restyl\u00e9 en juin 2021, tirera discr\u00e8tement sa r\u00e9v\u00e9rence. Et bien que la marque \u00e0 l\u2019h\u00e9lice poss\u00e8de pour matrice une nouvelle mouture du X3, elle ne lui donnera pas de rempla\u00e7ant. Non, BMW, \u00e0 ce niveau de gamme, sous cette silhouette de SUV coup\u00e9, lui pr\u00e9f\u00e8rera un mod\u00e8le 100% \u00e9lectrique reposant sur la plateforme technique Neue Klasse du iX3. Une strat\u00e9gie qui, \u00e0 premi\u00e8re vue, semble risqu\u00e9e, mais cette base ne manque pas d\u2019atout pour convaincre les plus r\u00e9fractaires. <a href=https:\/\/www.automobile-magazine.fr\/scoops\/article\/49728-bmw-ix4-et-si-cetait-lui-le-vrai-rival-de-la-tesla-model-y target='bwindow'>Lire la suite&#8230;<\/a><\/p>\n","protected":false},"excerpt":{"rendered":"<div class=\"media_block\"><img decoding=\"async\" src=\"https:\/\/www.evearly.news\/fr\/wp-content\/uploads\/sites\/6\/2025\/10\/bmw-ix4-et-si-cetait-lui-le-vrai-rival-de-la-tesla-model-y.jpg\"><\/div>\n<p> <a class=\"continue-reading-link\" href=\"https:\/\/www.evearly.news\/fr\/bmw-ix4-et-si-cetait-lui-le-vrai-rival-de-la-tesla-model-y\/\"><\/a><\/p>\n","protected":false},"author":7,"featured_media":310387,"comment_status":"closed","ping_status":"open","sticky":false,"template":"Default","format":"standard","meta":{"footnotes":""},"categories":[7],"tags":[],"class_list":["post-310386","post","type-post","status-publish","format-standard","has-post-thumbnail","hentry","category-automobile-magazine"],"_links":{"self":[{"href":"https:\/\/www.evearly.news\/fr\/wp-json\/wp\/v2\/posts\/310386","targetHints":{"allow":["GET"]}}],"collection":[{"href":"https:\/\/www.evearly.news\/fr\/wp-json\/wp\/v2\/posts"}],"about":[{"href":"https:\/\/www.evearly.news\/fr\/wp-json\/wp\/v2\/types\/post"}],"author":[{"embeddable":true,"href":"https:\/\/www.evearly.news\/fr\/wp-json\/wp\/v2\/users\/7"}],"replies":[{"embeddable":true,"href":"https:\/\/www.evearly.news\/fr\/wp-json\/wp\/v2\/comments?post=310386"}],"version-history":[{"count":0,"href":"https:\/\/www.evearly.news\/fr\/wp-json\/wp\/v2\/posts\/310386\/revisions"}],"wp:featuredmedia":[{"embeddable":true,"href":"https:\/\/www.evearly.news\/fr\/wp-json\/wp\/v2\/media\/310387"}],"wp:attachment":[{"href":"https:\/\/www.evearly.news\/fr\/wp-json\/wp\/v2\/media?parent=310386"}],"wp:term":[{"taxonomy":"category","embeddable":true,"href":"https:\/\/www.evearly.news\/fr\/wp-json\/wp\/v2\/categories?post=310386"},{"taxonomy":"post_tag","embeddable":true,"href":"https:\/\/www.evearly.news\/fr\/wp-json\/wp\/v2\/tags?post=310386"}],"curies":[{"name":"wp","href":"https:\/\/api.w.org\/{rel}","templated":true}]}}