{"id":310402,"date":"2025-10-13T10:50:05","date_gmt":"2025-10-13T08:50:05","guid":{"rendered":"https:\/\/www.evearly.news\/fr\/ev-garage-ouvre-un-nouveau-garage-pres-de-nice\/"},"modified":"2025-10-13T10:50:05","modified_gmt":"2025-10-13T08:50:05","slug":"ev-garage-ouvre-un-nouveau-garage-pres-de-nice","status":"publish","type":"post","link":"https:\/\/www.evearly.news\/fr\/ev-garage-ouvre-un-nouveau-garage-pres-de-nice\/","title":{"rendered":"EV Garage ouvre un nouveau garage pr\u00e8s de Nice"},"content":{"rendered":"<p><img width=\"1000\" height=\"593\" src=\"https:\/\/www.evearly.news\/fr\/wp-content\/uploads\/sites\/6\/2025\/10\/ev-garage-ouvre-un-nouveau-garage-pres-de-nice.jpg\" class=\"attachment-post-thumbnail size-post-thumbnail wp-post-image\" alt=\"EV Garage ouvre un nouveau garage pr\u00e8s de Nice\" decoding=\"async\" fetchpriority=\"high\" srcset=\"https:\/\/www.evearly.news\/fr\/wp-content\/uploads\/sites\/6\/2025\/10\/ev-garage-ouvre-un-nouveau-garage-pres-de-nice.jpg 1000w, https:\/\/www.evearly.news\/fr\/wp-content\/uploads\/sites\/6\/2025\/10\/ev-garage-ouvre-un-nouveau-garage-pres-de-nice-1.jpg 300w, https:\/\/www.evearly.news\/fr\/wp-content\/uploads\/sites\/6\/2025\/10\/ev-garage-ouvre-un-nouveau-garage-pres-de-nice-2.jpg 948w, https:\/\/www.avem.fr\/wp-content\/uploads\/2025\/10\/1755761900041-e1760023891555-768x455.jpeg 768w\" sizes=\"(max-width: 1000px) 100vw, 1000px\" \/>Apr\u00e8s avoir ouvert le tout premier garage 100% \u00e9lectrique du sud-est de la France en ao\u00fbt 2024, EV Garage continue son d\u00e9veloppement avec l\u2019ouverture d\u2019un nouveau lieu de r\u00e9parations r\u00e9serv\u00e9 aux v\u00e9hicules \u00e9lectriques pr\u00e8s de Nice. Pour l\u2019occasion, nous sommes all\u00e9s rencontrer \u00e0 nouveau l\u2019\u00e9quipe dans leur nouveau garage et [\u2026] <a href=https:\/\/www.avem.fr\/2025\/10\/13\/ev-garage-ouvre-un-nouveau-garage-pres-de-nice\/ target=blank>Lire la suite&#8230;<\/a><\/p>\n","protected":false},"excerpt":{"rendered":"<p><img loading=\"lazy\" decoding=\"async\" width=\"1000\" height=\"593\" src=\"https:\/\/www.evearly.news\/fr\/wp-content\/uploads\/sites\/6\/2025\/10\/ev-garage-ouvre-un-nouveau-garage-pres-de-nice.jpg\" class=\"attachment-post-thumbnail size-post-thumbnail wp-post-image\" alt=\"EV Garage ouvre un nouveau garage pr\u00e8s de Nice\" \/>Apr\u00e8s avoir ouvert le tout premier garage 100% \u00e9lectrique du sud-est de la France en ao\u00fbt 2024, EV Garage continue son d\u00e9veloppement avec l\u2019ouverture d\u2019un nouveau lieu de r\u00e9parations r\u00e9serv\u00e9 aux v\u00e9hicules \u00e9lectriques pr\u00e8s de Nice. Pour l\u2019occasion, nous sommes all\u00e9s rencontrer \u00e0 nouveau l\u2019\u00e9quipe dans leur nouveau garage et [\u2026] <a class=\"continue-reading-link\" href=\"https:\/\/www.evearly.news\/fr\/ev-garage-ouvre-un-nouveau-garage-pres-de-nice\/\"><\/a><\/p>\n","protected":false},"author":3,"featured_media":310403,"comment_status":"closed","ping_status":"open","sticky":false,"template":"Default","format":"standard","meta":{"footnotes":""},"categories":[3],"tags":[],"class_list":["post-310402","post","type-post","status-publish","format-standard","has-post-thumbnail","hentry","category-avem"],"_links":{"self":[{"href":"https:\/\/www.evearly.news\/fr\/wp-json\/wp\/v2\/posts\/310402","targetHints":{"allow":["GET"]}}],"collection":[{"href":"https:\/\/www.evearly.news\/fr\/wp-json\/wp\/v2\/posts"}],"about":[{"href":"https:\/\/www.evearly.news\/fr\/wp-json\/wp\/v2\/types\/post"}],"author":[{"embeddable":true,"href":"https:\/\/www.evearly.news\/fr\/wp-json\/wp\/v2\/users\/3"}],"replies":[{"embeddable":true,"href":"https:\/\/www.evearly.news\/fr\/wp-json\/wp\/v2\/comments?post=310402"}],"version-history":[{"count":0,"href":"https:\/\/www.evearly.news\/fr\/wp-json\/wp\/v2\/posts\/310402\/revisions"}],"wp:featuredmedia":[{"embeddable":true,"href":"https:\/\/www.evearly.news\/fr\/wp-json\/wp\/v2\/media\/310403"}],"wp:attachment":[{"href":"https:\/\/www.evearly.news\/fr\/wp-json\/wp\/v2\/media?parent=310402"}],"wp:term":[{"taxonomy":"category","embeddable":true,"href":"https:\/\/www.evearly.news\/fr\/wp-json\/wp\/v2\/categories?post=310402"},{"taxonomy":"post_tag","embeddable":true,"href":"https:\/\/www.evearly.news\/fr\/wp-json\/wp\/v2\/tags?post=310402"}],"curies":[{"name":"wp","href":"https:\/\/api.w.org\/{rel}","templated":true}]}}