{"id":310408,"date":"2025-10-13T11:12:49","date_gmt":"2025-10-13T09:12:49","guid":{"rendered":"https:\/\/www.evearly.news\/fr\/enfin-une-bonne-nouvelle-pour-les-voitures-electriques-de-volkswagen-et-cest-grace-a-leurope\/"},"modified":"2025-10-13T11:12:49","modified_gmt":"2025-10-13T09:12:49","slug":"enfin-une-bonne-nouvelle-pour-les-voitures-electriques-de-volkswagen-et-cest-grace-a-leurope","status":"publish","type":"post","link":"https:\/\/www.evearly.news\/fr\/enfin-une-bonne-nouvelle-pour-les-voitures-electriques-de-volkswagen-et-cest-grace-a-leurope\/","title":{"rendered":"Enfin une bonne nouvelle pour les voitures \u00e9lectriques de Volkswagen (et c\u2019est gr\u00e2ce \u00e0 l\u2019Europe)"},"content":{"rendered":"<p><img width=\"1200\" height=\"675\" src=\"https:\/\/www.evearly.news\/fr\/wp-content\/uploads\/sites\/6\/2025\/10\/enfin-une-bonne-nouvelle-pour-les-voitures-electriques-de-volkswagen-et-cest-grace-a-leurope.jpg\" class=\"attachment-full size-full wp-post-image\" alt=\"\" decoding=\"async\" loading=\"lazy\" \/<br \/>\nVolkswagen vient d\u2019annoncer ses r\u00e9sultats pour les neuf premiers mois de l\u2019ann\u00e9e 2025. Bonne nouvelle, le groupe a vu ses ventes de voitures \u00e9lectriques repartir \u00e0 la hausse dans le monde. Et tout particuli\u00e8rement en Europe.<br \/>\n <a href=https:\/\/www.frandroid.com\/marques\/volkswagen\/2828849_enfin-une-bonne-nouvelle-pour-les-voitures-electriques-de-volkswagen-et-cest-grace-a-leurope target='blank'>Lire la suite&#8230;<\/a><\/p>\n","protected":false},"excerpt":{"rendered":"<p>&lt;img width=&quot;1200&quot; height=&quot;675&quot; src=&quot;https:\/\/www.evearly.news\/fr\/wp-content\/uploads\/sites\/6\/2025\/10\/enfin-une-bonne-nouvelle-pour-les-voitures-electriques-de-volkswagen-et-cest-grace-a-leurope.jpg&quot; class=&quot;attachment-full size-full wp-post-image&quot; alt=&quot;&quot; decoding=&quot;async&quot; loading=&quot;lazy&quot; \/<br \/>\nVolkswagen vient d\u2019annoncer ses r\u00e9sultats pour les neuf premiers mois de l\u2019ann\u00e9e 2025. Bonne nouvelle, le groupe a vu ses ventes de voitures \u00e9lectriques repartir \u00e0 la hausse dans le monde. Et tout particuli\u00e8rement en Europe.\n<\/p>\n<p> <a class=\"continue-reading-link\" href=\"https:\/\/www.evearly.news\/fr\/enfin-une-bonne-nouvelle-pour-les-voitures-electriques-de-volkswagen-et-cest-grace-a-leurope\/\"><\/a><\/p>\n","protected":false},"author":6,"featured_media":310409,"comment_status":"closed","ping_status":"open","sticky":false,"template":"Default","format":"standard","meta":{"footnotes":""},"categories":[14],"tags":[],"class_list":["post-310408","post","type-post","status-publish","format-standard","has-post-thumbnail","hentry","category-frandroid"],"_links":{"self":[{"href":"https:\/\/www.evearly.news\/fr\/wp-json\/wp\/v2\/posts\/310408","targetHints":{"allow":["GET"]}}],"collection":[{"href":"https:\/\/www.evearly.news\/fr\/wp-json\/wp\/v2\/posts"}],"about":[{"href":"https:\/\/www.evearly.news\/fr\/wp-json\/wp\/v2\/types\/post"}],"author":[{"embeddable":true,"href":"https:\/\/www.evearly.news\/fr\/wp-json\/wp\/v2\/users\/6"}],"replies":[{"embeddable":true,"href":"https:\/\/www.evearly.news\/fr\/wp-json\/wp\/v2\/comments?post=310408"}],"version-history":[{"count":0,"href":"https:\/\/www.evearly.news\/fr\/wp-json\/wp\/v2\/posts\/310408\/revisions"}],"wp:featuredmedia":[{"embeddable":true,"href":"https:\/\/www.evearly.news\/fr\/wp-json\/wp\/v2\/media\/310409"}],"wp:attachment":[{"href":"https:\/\/www.evearly.news\/fr\/wp-json\/wp\/v2\/media?parent=310408"}],"wp:term":[{"taxonomy":"category","embeddable":true,"href":"https:\/\/www.evearly.news\/fr\/wp-json\/wp\/v2\/categories?post=310408"},{"taxonomy":"post_tag","embeddable":true,"href":"https:\/\/www.evearly.news\/fr\/wp-json\/wp\/v2\/tags?post=310408"}],"curies":[{"name":"wp","href":"https:\/\/api.w.org\/{rel}","templated":true}]}}