{"id":310410,"date":"2025-10-13T11:13:08","date_gmt":"2025-10-13T09:13:08","guid":{"rendered":"https:\/\/www.evearly.news\/fr\/cette-voiture-electrique-se-recharge-en-7-minutes-pour-a-peine-plus-cher-quun-tesla-model-y\/"},"modified":"2025-10-13T11:13:08","modified_gmt":"2025-10-13T09:13:08","slug":"cette-voiture-electrique-se-recharge-en-7-minutes-pour-a-peine-plus-cher-quun-tesla-model-y","status":"publish","type":"post","link":"https:\/\/www.evearly.news\/fr\/cette-voiture-electrique-se-recharge-en-7-minutes-pour-a-peine-plus-cher-quun-tesla-model-y\/","title":{"rendered":"Cette voiture \u00e9lectrique se recharge en 7 minutes pour \u00e0 peine plus cher qu\u2019un Tesla Model Y"},"content":{"rendered":"<p><img width=\"1200\" height=\"675\" src=\"https:\/\/c0.lestechnophiles.com\/images.frandroid.com\/wp-content\/uploads\/2025\/10\/e\u00a6_a\u00b1_-c84de48fab2be5168044a868e90f4e08.webp?resize=1200,675&#038;key=5ba60c42&#038;watermark\" class=\"attachment-full size-full wp-post-image\" alt=\"\" decoding=\"async\" loading=\"lazy\" \/<br \/>\nLe constructeur chinois Zeekr vient de pr\u00e9senter la nouvelle version de sa 001, avec de nombreuses am\u00e9liorations. D\u00e9sormais, la voiture \u00e9lectrique n\u2019a plus besoin que de 7 minutes pour se recharger, gr\u00e2ce \u00e0 une nouvelle architecture 900 volts.<br \/>\n <a href=https:\/\/www.frandroid.com\/marques\/zeekr\/2828747_cette-voiture-electrique-se-recharge-en-7-minutes-pour-a-peine-plus-cher-quun-tesla-model-y target='blank'>Lire la suite&#8230;<\/a><\/p>\n","protected":false},"excerpt":{"rendered":"<p>&lt;img width=&quot;1200&quot; height=&quot;675&quot; src=&quot;https:\/\/c0.lestechnophiles.com\/images.frandroid.com\/wp-content\/uploads\/2025\/10\/e\u00a6_a\u00b1_-c84de48fab2be5168044a868e90f4e08.webp?resize=1200,675&amp;key=5ba60c42&amp;watermark&quot; class=&quot;attachment-full size-full wp-post-image&quot; alt=&quot;&quot; decoding=&quot;async&quot; loading=&quot;lazy&quot; \/<br \/>\nLe constructeur chinois Zeekr vient de pr\u00e9senter la nouvelle version de sa 001, avec de nombreuses am\u00e9liorations. D\u00e9sormais, la voiture \u00e9lectrique n\u2019a plus besoin que de 7 minutes pour se recharger, gr\u00e2ce \u00e0 une nouvelle architecture 900 volts.\n<\/p>\n<p> <a class=\"continue-reading-link\" href=\"https:\/\/www.evearly.news\/fr\/cette-voiture-electrique-se-recharge-en-7-minutes-pour-a-peine-plus-cher-quun-tesla-model-y\/\"><\/a><\/p>\n","protected":false},"author":6,"featured_media":0,"comment_status":"closed","ping_status":"open","sticky":false,"template":"Default","format":"standard","meta":{"footnotes":""},"categories":[14],"tags":[],"class_list":["post-310410","post","type-post","status-publish","format-standard","hentry","category-frandroid"],"_links":{"self":[{"href":"https:\/\/www.evearly.news\/fr\/wp-json\/wp\/v2\/posts\/310410","targetHints":{"allow":["GET"]}}],"collection":[{"href":"https:\/\/www.evearly.news\/fr\/wp-json\/wp\/v2\/posts"}],"about":[{"href":"https:\/\/www.evearly.news\/fr\/wp-json\/wp\/v2\/types\/post"}],"author":[{"embeddable":true,"href":"https:\/\/www.evearly.news\/fr\/wp-json\/wp\/v2\/users\/6"}],"replies":[{"embeddable":true,"href":"https:\/\/www.evearly.news\/fr\/wp-json\/wp\/v2\/comments?post=310410"}],"version-history":[{"count":0,"href":"https:\/\/www.evearly.news\/fr\/wp-json\/wp\/v2\/posts\/310410\/revisions"}],"wp:attachment":[{"href":"https:\/\/www.evearly.news\/fr\/wp-json\/wp\/v2\/media?parent=310410"}],"wp:term":[{"taxonomy":"category","embeddable":true,"href":"https:\/\/www.evearly.news\/fr\/wp-json\/wp\/v2\/categories?post=310410"},{"taxonomy":"post_tag","embeddable":true,"href":"https:\/\/www.evearly.news\/fr\/wp-json\/wp\/v2\/tags?post=310410"}],"curies":[{"name":"wp","href":"https:\/\/api.w.org\/{rel}","templated":true}]}}