{"id":310415,"date":"2025-10-13T10:49:50","date_gmt":"2025-10-13T08:49:50","guid":{"rendered":"https:\/\/www.evearly.news\/fr\/la-citroen-e-c3-electrique-devient-moins-chere-que-la-thermique-sous-conditions\/"},"modified":"2025-10-13T10:49:50","modified_gmt":"2025-10-13T08:49:50","slug":"la-citroen-e-c3-electrique-devient-moins-chere-que-la-thermique-sous-conditions","status":"publish","type":"post","link":"https:\/\/www.evearly.news\/fr\/la-citroen-e-c3-electrique-devient-moins-chere-que-la-thermique-sous-conditions\/","title":{"rendered":"La Citro\u00ebn \u00eb-C3 \u00e9lectrique devient moins ch\u00e8re que la thermique\u2026 sous conditions"},"content":{"rendered":"<p><img decoding=\"async\" src=\"https:\/\/www.evearly.news\/fr\/wp-content\/uploads\/sites\/6\/2025\/10\/la-citroen-e-c3-electrique-devient-moins-chere-que-la-thermique-sous-conditions.jpg\" alt=\"caradisiac\" ><br \/>Citro\u00ebn parvient \u00e0 baisse encore le prix de sa citadine \u00e9lectrique d\u2019entr\u00e9e de gamme gr\u00e2ce aux aides pr\u00e9vues par l\u2019administration fran\u00e7aise et la prime europ\u00e9enne. Pour l\u2019avoir \u00e0 un prix encore plus bas que celui de la C3 thermique, il faudra cependant d\u00e9clarer de faibles revenus. <a href=https:\/\/www.caradisiac.com\/la-citroen-e-c3-electrique-devient-moins-chere-que-la-thermique-sous-conditions-218344.htm#xtor=RSS-40 target=blank>Lire la suite&#8230;<\/a><\/p>\n","protected":false},"excerpt":{"rendered":"<p><img decoding=\"async\" src=\"https:\/\/www.evearly.news\/fr\/wp-content\/uploads\/sites\/6\/2025\/10\/la-citroen-e-c3-electrique-devient-moins-chere-que-la-thermique-sous-conditions.jpg\" alt=\"caradisiac\"><br \/>Citro\u00ebn parvient \u00e0 baisse encore le prix de sa citadine \u00e9lectrique d\u2019entr\u00e9e de gamme gr\u00e2ce aux aides pr\u00e9vues par l\u2019administration fran\u00e7aise et la prime europ\u00e9enne. Pour l\u2019avoir \u00e0 un prix encore plus bas que celui de la C3 thermique, il faudra cependant d\u00e9clarer de faibles revenus.<\/p>\n<p> <a class=\"continue-reading-link\" href=\"https:\/\/www.evearly.news\/fr\/la-citroen-e-c3-electrique-devient-moins-chere-que-la-thermique-sous-conditions\/\"><\/a><\/p>\n","protected":false},"author":11,"featured_media":310416,"comment_status":"closed","ping_status":"open","sticky":false,"template":"Default","format":"standard","meta":{"footnotes":""},"categories":[11],"tags":[],"class_list":["post-310415","post","type-post","status-publish","format-standard","has-post-thumbnail","hentry","category-caradisiac"],"_links":{"self":[{"href":"https:\/\/www.evearly.news\/fr\/wp-json\/wp\/v2\/posts\/310415","targetHints":{"allow":["GET"]}}],"collection":[{"href":"https:\/\/www.evearly.news\/fr\/wp-json\/wp\/v2\/posts"}],"about":[{"href":"https:\/\/www.evearly.news\/fr\/wp-json\/wp\/v2\/types\/post"}],"author":[{"embeddable":true,"href":"https:\/\/www.evearly.news\/fr\/wp-json\/wp\/v2\/users\/11"}],"replies":[{"embeddable":true,"href":"https:\/\/www.evearly.news\/fr\/wp-json\/wp\/v2\/comments?post=310415"}],"version-history":[{"count":0,"href":"https:\/\/www.evearly.news\/fr\/wp-json\/wp\/v2\/posts\/310415\/revisions"}],"wp:featuredmedia":[{"embeddable":true,"href":"https:\/\/www.evearly.news\/fr\/wp-json\/wp\/v2\/media\/310416"}],"wp:attachment":[{"href":"https:\/\/www.evearly.news\/fr\/wp-json\/wp\/v2\/media?parent=310415"}],"wp:term":[{"taxonomy":"category","embeddable":true,"href":"https:\/\/www.evearly.news\/fr\/wp-json\/wp\/v2\/categories?post=310415"},{"taxonomy":"post_tag","embeddable":true,"href":"https:\/\/www.evearly.news\/fr\/wp-json\/wp\/v2\/tags?post=310415"}],"curies":[{"name":"wp","href":"https:\/\/api.w.org\/{rel}","templated":true}]}}