{"id":310418,"date":"2025-10-13T12:16:46","date_gmt":"2025-10-13T10:16:46","guid":{"rendered":"https:\/\/www.evearly.news\/fr\/ils-vont-traquer-nos-moindres-gestes-ces-nouveaux-radars-automatiques-vont-flasher-a-tout-va\/"},"modified":"2025-10-13T12:16:46","modified_gmt":"2025-10-13T10:16:46","slug":"ils-vont-traquer-nos-moindres-gestes-ces-nouveaux-radars-automatiques-vont-flasher-a-tout-va","status":"publish","type":"post","link":"https:\/\/www.evearly.news\/fr\/ils-vont-traquer-nos-moindres-gestes-ces-nouveaux-radars-automatiques-vont-flasher-a-tout-va\/","title":{"rendered":"\u00ab\u00a0Ils vont traquer nos moindres gestes\u00a0\u00bb ces nouveaux radars automatiques vont flasher \u00e0 tout va\u00a0!"},"content":{"rendered":"<p><img loading=\"lazy\" width=\"1920\" height=\"1280\" src=\"https:\/\/www.evearly.news\/fr\/wp-content\/uploads\/sites\/6\/2025\/10\/ils-vont-traquer-nos-moindres-gestes-ces-nouveaux-radars-automatiques-vont-flasher-a-tout-va.jpg\" class=\"attachment-full size-full wp-post-image\" alt=\"Radar\" decoding=\"async\" srcset=\"https:\/\/www.evearly.news\/fr\/wp-content\/uploads\/sites\/6\/2025\/10\/ils-vont-traquer-nos-moindres-gestes-ces-nouveaux-radars-automatiques-vont-flasher-a-tout-va.jpg 1920w, https:\/\/www.evearly.news\/fr\/wp-content\/uploads\/sites\/6\/2025\/10\/ils-vont-traquer-nos-moindres-gestes-ces-nouveaux-radars-automatiques-vont-flasher-a-tout-va-1.jpg 384w, https:\/\/www.evearly.news\/fr\/wp-content\/uploads\/sites\/6\/2025\/10\/ils-vont-traquer-nos-moindres-gestes-ces-nouveaux-radars-automatiques-vont-flasher-a-tout-va-2.jpg 880w, https:\/\/www.evearly.news\/fr\/wp-content\/uploads\/sites\/6\/2025\/10\/ils-vont-traquer-nos-moindres-gestes-ces-nouveaux-radars-automatiques-vont-flasher-a-tout-va-3.jpg 50w, https:\/\/www.evearly.news\/fr\/wp-content\/uploads\/sites\/6\/2025\/10\/ils-vont-traquer-nos-moindres-gestes-ces-nouveaux-radars-automatiques-vont-flasher-a-tout-va-4.jpg 640w, https:\/\/www.evearly.news\/fr\/wp-content\/uploads\/sites\/6\/2025\/10\/ils-vont-traquer-nos-moindres-gestes-ces-nouveaux-radars-automatiques-vont-flasher-a-tout-va-5.jpg 1280w, https:\/\/www.presse-citron.net\/app\/uploads\/2025\/10\/radar-1632x1088.jpg 1632w\" sizes=\"auto, (max-width: 1920px) 100vw, 1920px\"><\/p>\n<p>Port de la ceinture, smartphone au volant&#8230; Ces nouveaux dispositifs vont \u00eatre utilis\u00e9s sur les routes fran\u00e7aises.<a href=\"https:\/\/www.presse-citron.net\/ils-vont-traquer-nos-moindres-gestes-ces-nouveaux-radars-automatiques-vont-flasher-a-tout-va\/\" target=blank> Lire la suite&#8230;<\/a><\/p>\n","protected":false},"excerpt":{"rendered":"<p>Port de la ceinture, smartphone au volant&#8230; Ces nouveaux dispositifs vont \u00eatre utilis\u00e9s sur les routes fran\u00e7aises&#8230;. <a class=\"continue-reading-link\" href=\"https:\/\/www.evearly.news\/fr\/ils-vont-traquer-nos-moindres-gestes-ces-nouveaux-radars-automatiques-vont-flasher-a-tout-va\/\"><\/a><\/p>\n","protected":false},"author":18,"featured_media":310419,"comment_status":"closed","ping_status":"open","sticky":false,"template":"Default","format":"standard","meta":{"footnotes":""},"categories":[19],"tags":[],"class_list":["post-310418","post","type-post","status-publish","format-standard","has-post-thumbnail","hentry","category-presse-citron"],"_links":{"self":[{"href":"https:\/\/www.evearly.news\/fr\/wp-json\/wp\/v2\/posts\/310418","targetHints":{"allow":["GET"]}}],"collection":[{"href":"https:\/\/www.evearly.news\/fr\/wp-json\/wp\/v2\/posts"}],"about":[{"href":"https:\/\/www.evearly.news\/fr\/wp-json\/wp\/v2\/types\/post"}],"author":[{"embeddable":true,"href":"https:\/\/www.evearly.news\/fr\/wp-json\/wp\/v2\/users\/18"}],"replies":[{"embeddable":true,"href":"https:\/\/www.evearly.news\/fr\/wp-json\/wp\/v2\/comments?post=310418"}],"version-history":[{"count":0,"href":"https:\/\/www.evearly.news\/fr\/wp-json\/wp\/v2\/posts\/310418\/revisions"}],"wp:featuredmedia":[{"embeddable":true,"href":"https:\/\/www.evearly.news\/fr\/wp-json\/wp\/v2\/media\/310419"}],"wp:attachment":[{"href":"https:\/\/www.evearly.news\/fr\/wp-json\/wp\/v2\/media?parent=310418"}],"wp:term":[{"taxonomy":"category","embeddable":true,"href":"https:\/\/www.evearly.news\/fr\/wp-json\/wp\/v2\/categories?post=310418"},{"taxonomy":"post_tag","embeddable":true,"href":"https:\/\/www.evearly.news\/fr\/wp-json\/wp\/v2\/tags?post=310418"}],"curies":[{"name":"wp","href":"https:\/\/api.w.org\/{rel}","templated":true}]}}