{"id":310420,"date":"2025-10-13T12:18:28","date_gmt":"2025-10-13T10:18:28","guid":{"rendered":"https:\/\/www.evearly.news\/fr\/mauvaise-nouvelle-pour-la-moins-chere-des-tesla-model-3-en-europe\/"},"modified":"2025-10-13T12:18:28","modified_gmt":"2025-10-13T10:18:28","slug":"mauvaise-nouvelle-pour-la-moins-chere-des-tesla-model-3-en-europe","status":"publish","type":"post","link":"https:\/\/www.evearly.news\/fr\/mauvaise-nouvelle-pour-la-moins-chere-des-tesla-model-3-en-europe\/","title":{"rendered":"Mauvaise nouvelle pour la moins ch\u00e8re des Tesla Model 3 en Europe"},"content":{"rendered":"<p><img loading=\"lazy\" width=\"1200\" height=\"675\" src=\"https:\/\/www.evearly.news\/fr\/wp-content\/uploads\/sites\/6\/2025\/10\/mauvaise-nouvelle-pour-la-moins-chere-des-tesla-model-3-en-europe.jpg\" class=\"attachment-full size-full wp-post-image\" alt=\"\" decoding=\"async\" \/<br \/>\nLa Tesla Model 3 vient de recevoir une version \u00ab\u00a0all\u00e9g\u00e9e\u00a0\u00bb et plus abordable aux \u00c9tats-Unis, baptis\u00e9e Standard. Mauvaise nouvelle : elle n&rsquo;est pour le moment pas pr\u00e9vue en Europe.<br \/>\n <a href=https:\/\/www.frandroid.com\/marques\/tesla\/2829085_mauvaise-nouvelle-pour-la-moins-chere-des-tesla-model-3-en-europe target='blank'>Lire la suite&#8230;<\/a><\/p>\n","protected":false},"excerpt":{"rendered":"<p>&lt;img width=&quot;1200&quot; height=&quot;675&quot; src=&quot;https:\/\/www.evearly.news\/fr\/wp-content\/uploads\/sites\/6\/2025\/10\/mauvaise-nouvelle-pour-la-moins-chere-des-tesla-model-3-en-europe.jpg&quot; class=&quot;attachment-full size-full wp-post-image&quot; alt=&quot;&quot; decoding=&quot;async&quot; \/<br \/>\nLa Tesla Model 3 vient de recevoir une version \u00ab\u00a0all\u00e9g\u00e9e\u00a0\u00bb et plus abordable aux \u00c9tats-Unis, baptis\u00e9e Standard. Mauvaise nouvelle : elle n&rsquo;est pour le moment pas pr\u00e9vue en Europe.\n<\/p>\n<p> <a class=\"continue-reading-link\" href=\"https:\/\/www.evearly.news\/fr\/mauvaise-nouvelle-pour-la-moins-chere-des-tesla-model-3-en-europe\/\"><\/a><\/p>\n","protected":false},"author":6,"featured_media":310421,"comment_status":"closed","ping_status":"open","sticky":false,"template":"Default","format":"standard","meta":{"footnotes":""},"categories":[14],"tags":[],"class_list":["post-310420","post","type-post","status-publish","format-standard","has-post-thumbnail","hentry","category-frandroid"],"_links":{"self":[{"href":"https:\/\/www.evearly.news\/fr\/wp-json\/wp\/v2\/posts\/310420","targetHints":{"allow":["GET"]}}],"collection":[{"href":"https:\/\/www.evearly.news\/fr\/wp-json\/wp\/v2\/posts"}],"about":[{"href":"https:\/\/www.evearly.news\/fr\/wp-json\/wp\/v2\/types\/post"}],"author":[{"embeddable":true,"href":"https:\/\/www.evearly.news\/fr\/wp-json\/wp\/v2\/users\/6"}],"replies":[{"embeddable":true,"href":"https:\/\/www.evearly.news\/fr\/wp-json\/wp\/v2\/comments?post=310420"}],"version-history":[{"count":0,"href":"https:\/\/www.evearly.news\/fr\/wp-json\/wp\/v2\/posts\/310420\/revisions"}],"wp:featuredmedia":[{"embeddable":true,"href":"https:\/\/www.evearly.news\/fr\/wp-json\/wp\/v2\/media\/310421"}],"wp:attachment":[{"href":"https:\/\/www.evearly.news\/fr\/wp-json\/wp\/v2\/media?parent=310420"}],"wp:term":[{"taxonomy":"category","embeddable":true,"href":"https:\/\/www.evearly.news\/fr\/wp-json\/wp\/v2\/categories?post=310420"},{"taxonomy":"post_tag","embeddable":true,"href":"https:\/\/www.evearly.news\/fr\/wp-json\/wp\/v2\/tags?post=310420"}],"curies":[{"name":"wp","href":"https:\/\/api.w.org\/{rel}","templated":true}]}}