{"id":310422,"date":"2025-10-13T13:23:20","date_gmt":"2025-10-13T11:23:20","guid":{"rendered":"https:\/\/www.evearly.news\/fr\/au-danemark-60-des-voitures-vendues-sont-electriques-car-il-est-beaucoup-moins-cher-dacheter-un-bmw-ix1-quun-renault-captur\/"},"modified":"2025-10-13T13:23:20","modified_gmt":"2025-10-13T11:23:20","slug":"au-danemark-60-des-voitures-vendues-sont-electriques-car-il-est-beaucoup-moins-cher-dacheter-un-bmw-ix1-quun-renault-captur","status":"publish","type":"post","link":"https:\/\/www.evearly.news\/fr\/au-danemark-60-des-voitures-vendues-sont-electriques-car-il-est-beaucoup-moins-cher-dacheter-un-bmw-ix1-quun-renault-captur\/","title":{"rendered":"Au Danemark, 60 % des voitures vendues sont \u00e9lectriques car il est beaucoup moins cher d&rsquo;acheter un BMW iX1 qu&rsquo;un Renault Captur"},"content":{"rendered":"<div class=\"media_block\"><img decoding=\"async\" src=\"https:\/\/www.evearly.news\/fr\/wp-content\/uploads\/sites\/6\/2025\/10\/au-danemark-60-des-voitures-vendues-sont-electriques-car-il-est-beaucoup-moins-cher-dacheter-un-bmw-ix1-quun-renault-captur.jpg\"><\/div>\n<p>M\u00eame si elle ne frise pas encore les 100 % comme en Norv\u00e8ge, la part de march\u00e9 des voitures \u00e9lectriques progresse \u00e0 grande vitesse au Danemark. La croissance de ce type de motorisation s&rsquo;y r\u00e9v\u00e8le encore plus rapide que chez ses voisins. Mais pour arriver \u00e0 ce r\u00e9sultat, le pays a mis en place une fiscalit\u00e9 tr\u00e8s dissuasive pour les voitures thermiques. Un Renault Captur essence est ainsi tellement tax\u00e9 qu&rsquo;il devient bien moins int\u00e9ressant \u00e0 acheter qu&rsquo;un BMW iX1. <a href=https:\/\/www.automobile-magazine.fr\/voitures-electriques\/article\/49749-au-danemark-60-des-voitures-vendues-sont-electriques-car-il-est-beaucoup-moins-cher-dacheter-un-bmw-ix1-quun-renault-captur target='bwindow'>Lire la suite&#8230;<\/a><\/p>\n","protected":false},"excerpt":{"rendered":"<div class=\"media_block\"><img decoding=\"async\" src=\"https:\/\/www.evearly.news\/fr\/wp-content\/uploads\/sites\/6\/2025\/10\/au-danemark-60-des-voitures-vendues-sont-electriques-car-il-est-beaucoup-moins-cher-dacheter-un-bmw-ix1-quun-renault-captur.jpg\"><\/div>\n<p> <a class=\"continue-reading-link\" href=\"https:\/\/www.evearly.news\/fr\/au-danemark-60-des-voitures-vendues-sont-electriques-car-il-est-beaucoup-moins-cher-dacheter-un-bmw-ix1-quun-renault-captur\/\"><\/a><\/p>\n","protected":false},"author":7,"featured_media":310423,"comment_status":"closed","ping_status":"open","sticky":false,"template":"Default","format":"standard","meta":{"footnotes":""},"categories":[7],"tags":[],"class_list":["post-310422","post","type-post","status-publish","format-standard","has-post-thumbnail","hentry","category-automobile-magazine"],"_links":{"self":[{"href":"https:\/\/www.evearly.news\/fr\/wp-json\/wp\/v2\/posts\/310422","targetHints":{"allow":["GET"]}}],"collection":[{"href":"https:\/\/www.evearly.news\/fr\/wp-json\/wp\/v2\/posts"}],"about":[{"href":"https:\/\/www.evearly.news\/fr\/wp-json\/wp\/v2\/types\/post"}],"author":[{"embeddable":true,"href":"https:\/\/www.evearly.news\/fr\/wp-json\/wp\/v2\/users\/7"}],"replies":[{"embeddable":true,"href":"https:\/\/www.evearly.news\/fr\/wp-json\/wp\/v2\/comments?post=310422"}],"version-history":[{"count":0,"href":"https:\/\/www.evearly.news\/fr\/wp-json\/wp\/v2\/posts\/310422\/revisions"}],"wp:featuredmedia":[{"embeddable":true,"href":"https:\/\/www.evearly.news\/fr\/wp-json\/wp\/v2\/media\/310423"}],"wp:attachment":[{"href":"https:\/\/www.evearly.news\/fr\/wp-json\/wp\/v2\/media?parent=310422"}],"wp:term":[{"taxonomy":"category","embeddable":true,"href":"https:\/\/www.evearly.news\/fr\/wp-json\/wp\/v2\/categories?post=310422"},{"taxonomy":"post_tag","embeddable":true,"href":"https:\/\/www.evearly.news\/fr\/wp-json\/wp\/v2\/tags?post=310422"}],"curies":[{"name":"wp","href":"https:\/\/api.w.org\/{rel}","templated":true}]}}