{"id":310430,"date":"2025-10-13T16:20:05","date_gmt":"2025-10-13T14:20:05","guid":{"rendered":"https:\/\/www.evearly.news\/fr\/toyota-corolla-concept-la-future-generation-deja-imaginee-par-un-concept-pour-le-salon-de-tokyo\/"},"modified":"2025-10-13T16:20:05","modified_gmt":"2025-10-13T14:20:05","slug":"toyota-corolla-concept-la-future-generation-deja-imaginee-par-un-concept-pour-le-salon-de-tokyo","status":"publish","type":"post","link":"https:\/\/www.evearly.news\/fr\/toyota-corolla-concept-la-future-generation-deja-imaginee-par-un-concept-pour-le-salon-de-tokyo\/","title":{"rendered":"Toyota Corolla Concept : la future g\u00e9n\u00e9ration d\u00e9j\u00e0 imagin\u00e9e par un concept pour le Salon de Tokyo"},"content":{"rendered":"<p><img decoding=\"async\" src=\"https:\/\/www.evearly.news\/fr\/wp-content\/uploads\/sites\/6\/2025\/10\/toyota-corolla-concept-la-future-generation-deja-imaginee-par-un-concept-pour-le-salon-de-tokyo.webp\" alt=\"auto-moto\"><br \/>Toyota profitera du Salon de Tokyo pour d\u00e9voiler certains futurs projets, dont un concept in\u00e9dit annon\u00e7ant l\u2019avenir de la Corolla. Bien plus futuriste, elle pourrait inaugurer un nouveau style chez le constructeur japonais. <a href=https:\/\/www.auto-moto.com\/concept-car\/toyota-corolla-concept-64949 target=blank>Lire la suite&#8230;<\/a><\/p>\n","protected":false},"excerpt":{"rendered":"<p>Toyota profitera du Salon de Tokyo pour d\u00e9voiler certains futurs projets, dont un concept in\u00e9dit annon\u00e7ant l\u2019avenir de la Corolla. Bien plus futuriste, elle pourrait inaugurer un nouveau style chez le constructeur japonais&#8230;. <a class=\"continue-reading-link\" href=\"https:\/\/www.evearly.news\/fr\/toyota-corolla-concept-la-future-generation-deja-imaginee-par-un-concept-pour-le-salon-de-tokyo\/\"><\/a><\/p>\n","protected":false},"author":9,"featured_media":310431,"comment_status":"closed","ping_status":"open","sticky":false,"template":"Default","format":"standard","meta":{"footnotes":""},"categories":[10],"tags":[],"class_list":["post-310430","post","type-post","status-publish","format-standard","has-post-thumbnail","hentry","category-auto-moto-com"],"_links":{"self":[{"href":"https:\/\/www.evearly.news\/fr\/wp-json\/wp\/v2\/posts\/310430","targetHints":{"allow":["GET"]}}],"collection":[{"href":"https:\/\/www.evearly.news\/fr\/wp-json\/wp\/v2\/posts"}],"about":[{"href":"https:\/\/www.evearly.news\/fr\/wp-json\/wp\/v2\/types\/post"}],"author":[{"embeddable":true,"href":"https:\/\/www.evearly.news\/fr\/wp-json\/wp\/v2\/users\/9"}],"replies":[{"embeddable":true,"href":"https:\/\/www.evearly.news\/fr\/wp-json\/wp\/v2\/comments?post=310430"}],"version-history":[{"count":0,"href":"https:\/\/www.evearly.news\/fr\/wp-json\/wp\/v2\/posts\/310430\/revisions"}],"wp:featuredmedia":[{"embeddable":true,"href":"https:\/\/www.evearly.news\/fr\/wp-json\/wp\/v2\/media\/310431"}],"wp:attachment":[{"href":"https:\/\/www.evearly.news\/fr\/wp-json\/wp\/v2\/media?parent=310430"}],"wp:term":[{"taxonomy":"category","embeddable":true,"href":"https:\/\/www.evearly.news\/fr\/wp-json\/wp\/v2\/categories?post=310430"},{"taxonomy":"post_tag","embeddable":true,"href":"https:\/\/www.evearly.news\/fr\/wp-json\/wp\/v2\/tags?post=310430"}],"curies":[{"name":"wp","href":"https:\/\/api.w.org\/{rel}","templated":true}]}}