{"id":310472,"date":"2025-10-14T10:50:05","date_gmt":"2025-10-14T08:50:05","guid":{"rendered":"https:\/\/www.evearly.news\/fr\/mercedes-vision-iconic-un-concept-car-en-hommage-aux-annees-folles-mais-emprunt-de-modernite\/"},"modified":"2025-10-14T10:50:05","modified_gmt":"2025-10-14T08:50:05","slug":"mercedes-vision-iconic-un-concept-car-en-hommage-aux-annees-folles-mais-emprunt-de-modernite","status":"publish","type":"post","link":"https:\/\/www.evearly.news\/fr\/mercedes-vision-iconic-un-concept-car-en-hommage-aux-annees-folles-mais-emprunt-de-modernite\/","title":{"rendered":"Mercedes Vision Iconic : un concept-car en hommage aux ann\u00e9es folles mais emprunt de modernit\u00e9"},"content":{"rendered":"<p><img decoding=\"async\" src=\"https:\/\/www.evearly.news\/fr\/wp-content\/uploads\/sites\/6\/2025\/10\/mercedes-vision-iconic-un-concept-car-en-hommage-aux-annees-folles-mais-emprunt-de-modernite.webp\" alt=\"auto-moto\"><br \/>En plein bouleversement de sa gamme \u00e9lectrique, Mercedes en profite pour d\u00e9voiler un concept car Vision Iconic donnant des indices sur ce changement de style. Le prototype rend aussi hommage aux ann\u00e9es 1920 et 1930, tout en offrant une sacr\u00e9e dose de modernit\u00e9. <a href=https:\/\/www.auto-moto.com\/concept-car\/mercedes-vision-iconic-64950 target=blank>Lire la suite&#8230;<\/a><\/p>\n","protected":false},"excerpt":{"rendered":"<p>En plein bouleversement de sa gamme \u00e9lectrique, Mercedes en profite pour d\u00e9voiler un concept car Vision Iconic donnant des indices sur ce changement de style. Le prototype rend aussi hommage aux ann\u00e9es 1920 et 1930, tout en offrant une sacr\u00e9e dose de modernit\u00e9&#8230;. <a class=\"continue-reading-link\" href=\"https:\/\/www.evearly.news\/fr\/mercedes-vision-iconic-un-concept-car-en-hommage-aux-annees-folles-mais-emprunt-de-modernite\/\"><\/a><\/p>\n","protected":false},"author":9,"featured_media":310473,"comment_status":"closed","ping_status":"open","sticky":false,"template":"Default","format":"standard","meta":{"footnotes":""},"categories":[10],"tags":[],"class_list":["post-310472","post","type-post","status-publish","format-standard","has-post-thumbnail","hentry","category-auto-moto-com"],"_links":{"self":[{"href":"https:\/\/www.evearly.news\/fr\/wp-json\/wp\/v2\/posts\/310472","targetHints":{"allow":["GET"]}}],"collection":[{"href":"https:\/\/www.evearly.news\/fr\/wp-json\/wp\/v2\/posts"}],"about":[{"href":"https:\/\/www.evearly.news\/fr\/wp-json\/wp\/v2\/types\/post"}],"author":[{"embeddable":true,"href":"https:\/\/www.evearly.news\/fr\/wp-json\/wp\/v2\/users\/9"}],"replies":[{"embeddable":true,"href":"https:\/\/www.evearly.news\/fr\/wp-json\/wp\/v2\/comments?post=310472"}],"version-history":[{"count":0,"href":"https:\/\/www.evearly.news\/fr\/wp-json\/wp\/v2\/posts\/310472\/revisions"}],"wp:featuredmedia":[{"embeddable":true,"href":"https:\/\/www.evearly.news\/fr\/wp-json\/wp\/v2\/media\/310473"}],"wp:attachment":[{"href":"https:\/\/www.evearly.news\/fr\/wp-json\/wp\/v2\/media?parent=310472"}],"wp:term":[{"taxonomy":"category","embeddable":true,"href":"https:\/\/www.evearly.news\/fr\/wp-json\/wp\/v2\/categories?post=310472"},{"taxonomy":"post_tag","embeddable":true,"href":"https:\/\/www.evearly.news\/fr\/wp-json\/wp\/v2\/tags?post=310472"}],"curies":[{"name":"wp","href":"https:\/\/api.w.org\/{rel}","templated":true}]}}