{"id":310476,"date":"2025-10-14T10:59:08","date_gmt":"2025-10-14T08:59:08","guid":{"rendered":"https:\/\/www.evearly.news\/fr\/mercedes-devoile-la-300-sl-electrique-du-futur-avec-12-000-km-dautonomie-solaire-par-an\/"},"modified":"2025-10-14T10:59:08","modified_gmt":"2025-10-14T08:59:08","slug":"mercedes-devoile-la-300-sl-electrique-du-futur-avec-12-000-km-dautonomie-solaire-par-an","status":"publish","type":"post","link":"https:\/\/www.evearly.news\/fr\/mercedes-devoile-la-300-sl-electrique-du-futur-avec-12-000-km-dautonomie-solaire-par-an\/","title":{"rendered":"Mercedes d\u00e9voile la 300 SL \u00e9lectrique du futur avec 12 000 km d\u2019autonomie solaire par an"},"content":{"rendered":"<p><img width=\"1200\" height=\"675\" src=\"https:\/\/www.evearly.news\/fr\/wp-content\/uploads\/sites\/6\/2025\/10\/mercedes-devoile-la-300-sl-electrique-du-futur-avec-12-000-km-dautonomie-solaire-par-an.jpg\" class=\"attachment-full size-full wp-post-image\" alt=\"\" decoding=\"async\" loading=\"lazy\" \/<br \/>\nMercedes-Benz l\u00e8ve le voile sur une voiture \u00e9lectrique tr\u00e8s particuli\u00e8re : Vision Iconic, un concept car cens\u00e9 nous montrer la voie emprunt\u00e9e pour le design des futures Mercedes. Avec des technologies novatrices.<br \/>\n <a href=https:\/\/www.frandroid.com\/marques\/mercedes-benz\/2830139_mercedes-devoile-la-300-sl-electrique-du-futur-avec-12-000-km-dautonomie-solaire-par-an target='blank'>Lire la suite&#8230;<\/a><\/p>\n","protected":false},"excerpt":{"rendered":"<p>&lt;img width=&quot;1200&quot; height=&quot;675&quot; src=&quot;https:\/\/www.evearly.news\/fr\/wp-content\/uploads\/sites\/6\/2025\/10\/mercedes-devoile-la-300-sl-electrique-du-futur-avec-12-000-km-dautonomie-solaire-par-an.jpg&quot; class=&quot;attachment-full size-full wp-post-image&quot; alt=&quot;&quot; decoding=&quot;async&quot; loading=&quot;lazy&quot; \/<br \/>\nMercedes-Benz l\u00e8ve le voile sur une voiture \u00e9lectrique tr\u00e8s particuli\u00e8re : Vision Iconic, un concept car cens\u00e9 nous montrer la voie emprunt\u00e9e pour le design des futures Mercedes. Avec des technologies novatrices.\n<\/p>\n<p> <a class=\"continue-reading-link\" href=\"https:\/\/www.evearly.news\/fr\/mercedes-devoile-la-300-sl-electrique-du-futur-avec-12-000-km-dautonomie-solaire-par-an\/\"><\/a><\/p>\n","protected":false},"author":6,"featured_media":310477,"comment_status":"closed","ping_status":"open","sticky":false,"template":"Default","format":"standard","meta":{"footnotes":""},"categories":[14],"tags":[],"class_list":["post-310476","post","type-post","status-publish","format-standard","has-post-thumbnail","hentry","category-frandroid"],"_links":{"self":[{"href":"https:\/\/www.evearly.news\/fr\/wp-json\/wp\/v2\/posts\/310476","targetHints":{"allow":["GET"]}}],"collection":[{"href":"https:\/\/www.evearly.news\/fr\/wp-json\/wp\/v2\/posts"}],"about":[{"href":"https:\/\/www.evearly.news\/fr\/wp-json\/wp\/v2\/types\/post"}],"author":[{"embeddable":true,"href":"https:\/\/www.evearly.news\/fr\/wp-json\/wp\/v2\/users\/6"}],"replies":[{"embeddable":true,"href":"https:\/\/www.evearly.news\/fr\/wp-json\/wp\/v2\/comments?post=310476"}],"version-history":[{"count":0,"href":"https:\/\/www.evearly.news\/fr\/wp-json\/wp\/v2\/posts\/310476\/revisions"}],"wp:featuredmedia":[{"embeddable":true,"href":"https:\/\/www.evearly.news\/fr\/wp-json\/wp\/v2\/media\/310477"}],"wp:attachment":[{"href":"https:\/\/www.evearly.news\/fr\/wp-json\/wp\/v2\/media?parent=310476"}],"wp:term":[{"taxonomy":"category","embeddable":true,"href":"https:\/\/www.evearly.news\/fr\/wp-json\/wp\/v2\/categories?post=310476"},{"taxonomy":"post_tag","embeddable":true,"href":"https:\/\/www.evearly.news\/fr\/wp-json\/wp\/v2\/tags?post=310476"}],"curies":[{"name":"wp","href":"https:\/\/api.w.org\/{rel}","templated":true}]}}