{"id":310478,"date":"2025-10-14T10:59:40","date_gmt":"2025-10-14T08:59:40","guid":{"rendered":"https:\/\/www.evearly.news\/fr\/la-toyota-corolla-pourrait-enfin-se-transformer-en-voiture-electrique-voici-les-premieres-images\/"},"modified":"2025-10-14T10:59:40","modified_gmt":"2025-10-14T08:59:40","slug":"la-toyota-corolla-pourrait-enfin-se-transformer-en-voiture-electrique-voici-les-premieres-images","status":"publish","type":"post","link":"https:\/\/www.evearly.news\/fr\/la-toyota-corolla-pourrait-enfin-se-transformer-en-voiture-electrique-voici-les-premieres-images\/","title":{"rendered":"La Toyota Corolla pourrait enfin se transformer en voiture \u00e9lectrique : voici les premi\u00e8res images"},"content":{"rendered":"<p><img width=\"1200\" height=\"675\" src=\"https:\/\/www.evearly.news\/fr\/wp-content\/uploads\/sites\/6\/2025\/10\/la-toyota-corolla-pourrait-enfin-se-transformer-en-voiture-electrique-voici-les-premieres-images.jpg\" class=\"attachment-full size-full wp-post-image\" alt=\"\" decoding=\"async\" loading=\"lazy\" \/<br \/>\nToyota annonce dans une vid\u00e9o l\u2019arriv\u00e9e d\u2019une nouvelle g\u00e9n\u00e9ration de sa Corolla, qui pourrait bien se transformer en voiture \u00e9lectrique. Le style \u00e9voluera en profondeur, mais la fiche technique reste encore m\u00e9connue.<br \/>\n <a href=https:\/\/www.frandroid.com\/marques\/toyota\/2830585_la-toyota-corolla-pourrait-enfin-se-transformer-en-voiture-electrique-voici-les-premieres-images target='blank'>Lire la suite&#8230;<\/a><\/p>\n","protected":false},"excerpt":{"rendered":"<p>&lt;img width=&quot;1200&quot; height=&quot;675&quot; src=&quot;https:\/\/www.evearly.news\/fr\/wp-content\/uploads\/sites\/6\/2025\/10\/la-toyota-corolla-pourrait-enfin-se-transformer-en-voiture-electrique-voici-les-premieres-images.jpg&quot; class=&quot;attachment-full size-full wp-post-image&quot; alt=&quot;&quot; decoding=&quot;async&quot; loading=&quot;lazy&quot; \/<br \/>\nToyota annonce dans une vid\u00e9o l\u2019arriv\u00e9e d\u2019une nouvelle g\u00e9n\u00e9ration de sa Corolla, qui pourrait bien se transformer en voiture \u00e9lectrique. Le style \u00e9voluera en profondeur, mais la fiche technique reste encore m\u00e9connue.\n<\/p>\n<p> <a class=\"continue-reading-link\" href=\"https:\/\/www.evearly.news\/fr\/la-toyota-corolla-pourrait-enfin-se-transformer-en-voiture-electrique-voici-les-premieres-images\/\"><\/a><\/p>\n","protected":false},"author":6,"featured_media":310479,"comment_status":"closed","ping_status":"open","sticky":false,"template":"Default","format":"standard","meta":{"footnotes":""},"categories":[14],"tags":[],"class_list":["post-310478","post","type-post","status-publish","format-standard","has-post-thumbnail","hentry","category-frandroid"],"_links":{"self":[{"href":"https:\/\/www.evearly.news\/fr\/wp-json\/wp\/v2\/posts\/310478","targetHints":{"allow":["GET"]}}],"collection":[{"href":"https:\/\/www.evearly.news\/fr\/wp-json\/wp\/v2\/posts"}],"about":[{"href":"https:\/\/www.evearly.news\/fr\/wp-json\/wp\/v2\/types\/post"}],"author":[{"embeddable":true,"href":"https:\/\/www.evearly.news\/fr\/wp-json\/wp\/v2\/users\/6"}],"replies":[{"embeddable":true,"href":"https:\/\/www.evearly.news\/fr\/wp-json\/wp\/v2\/comments?post=310478"}],"version-history":[{"count":0,"href":"https:\/\/www.evearly.news\/fr\/wp-json\/wp\/v2\/posts\/310478\/revisions"}],"wp:featuredmedia":[{"embeddable":true,"href":"https:\/\/www.evearly.news\/fr\/wp-json\/wp\/v2\/media\/310479"}],"wp:attachment":[{"href":"https:\/\/www.evearly.news\/fr\/wp-json\/wp\/v2\/media?parent=310478"}],"wp:term":[{"taxonomy":"category","embeddable":true,"href":"https:\/\/www.evearly.news\/fr\/wp-json\/wp\/v2\/categories?post=310478"},{"taxonomy":"post_tag","embeddable":true,"href":"https:\/\/www.evearly.news\/fr\/wp-json\/wp\/v2\/tags?post=310478"}],"curies":[{"name":"wp","href":"https:\/\/api.w.org\/{rel}","templated":true}]}}