{"id":310480,"date":"2025-10-14T11:30:40","date_gmt":"2025-10-14T09:30:40","guid":{"rendered":"https:\/\/www.evearly.news\/fr\/cybertruck-la-benne-a-ordures-futuriste-de-tesla-dont-plus-personne-ne-veut\/"},"modified":"2025-10-14T11:30:40","modified_gmt":"2025-10-14T09:30:40","slug":"cybertruck-la-benne-a-ordures-futuriste-de-tesla-dont-plus-personne-ne-veut","status":"publish","type":"post","link":"https:\/\/www.evearly.news\/fr\/cybertruck-la-benne-a-ordures-futuriste-de-tesla-dont-plus-personne-ne-veut\/","title":{"rendered":"Cybertruck\u00a0: la benne \u00e0 ordures futuriste de Tesla dont plus personne ne veut"},"content":{"rendered":"<p><img loading=\"lazy\" width=\"1920\" height=\"1280\" src=\"https:\/\/www.evearly.news\/fr\/wp-content\/uploads\/sites\/6\/2025\/10\/cybertruck-la-benne-a-ordures-futuriste-de-tesla-dont-plus-personne-ne-veut.jpg\" class=\"attachment-full size-full wp-post-image\" alt=\"Cybertruck\" decoding=\"async\" srcset=\"https:\/\/www.evearly.news\/fr\/wp-content\/uploads\/sites\/6\/2025\/10\/cybertruck-la-benne-a-ordures-futuriste-de-tesla-dont-plus-personne-ne-veut.jpg 1920w, https:\/\/www.evearly.news\/fr\/wp-content\/uploads\/sites\/6\/2025\/10\/cybertruck-la-benne-a-ordures-futuriste-de-tesla-dont-plus-personne-ne-veut-1.jpg 384w, https:\/\/www.evearly.news\/fr\/wp-content\/uploads\/sites\/6\/2025\/10\/cybertruck-la-benne-a-ordures-futuriste-de-tesla-dont-plus-personne-ne-veut-2.jpg 880w, https:\/\/www.evearly.news\/fr\/wp-content\/uploads\/sites\/6\/2025\/10\/cybertruck-la-benne-a-ordures-futuriste-de-tesla-dont-plus-personne-ne-veut-3.jpg 50w, https:\/\/www.evearly.news\/fr\/wp-content\/uploads\/sites\/6\/2025\/10\/cybertruck-la-benne-a-ordures-futuriste-de-tesla-dont-plus-personne-ne-veut-4.jpg 640w, https:\/\/www.evearly.news\/fr\/wp-content\/uploads\/sites\/6\/2025\/10\/cybertruck-la-benne-a-ordures-futuriste-de-tesla-dont-plus-personne-ne-veut-5.jpg 1280w, https:\/\/www.presse-citron.net\/app\/uploads\/2025\/10\/Cybertruck-1632x1088.jpg 1632w\" sizes=\"auto, (max-width: 1920px) 100vw, 1920px\"><\/p>\n<p>Un pick-up sans \u00e2me, sans courbes et bient\u00f4t sans acheteurs : presque deux ans apr\u00e8s sa sortie, le Cybertruck prend une douche froide.<a href=\"https:\/\/www.presse-citron.net\/cybertruck-benne-ordures-futuriste-tesla-personne-veut\/\" target=blank> Lire la suite&#8230;<\/a><\/p>\n","protected":false},"excerpt":{"rendered":"<p>Un pick-up sans \u00e2me, sans courbes et bient\u00f4t sans acheteurs : presque deux ans apr\u00e8s sa sortie, le Cybertruck prend une douche froide&#8230;. <a class=\"continue-reading-link\" href=\"https:\/\/www.evearly.news\/fr\/cybertruck-la-benne-a-ordures-futuriste-de-tesla-dont-plus-personne-ne-veut\/\"><\/a><\/p>\n","protected":false},"author":18,"featured_media":310481,"comment_status":"closed","ping_status":"open","sticky":false,"template":"Default","format":"standard","meta":{"footnotes":""},"categories":[19],"tags":[],"class_list":["post-310480","post","type-post","status-publish","format-standard","has-post-thumbnail","hentry","category-presse-citron"],"_links":{"self":[{"href":"https:\/\/www.evearly.news\/fr\/wp-json\/wp\/v2\/posts\/310480","targetHints":{"allow":["GET"]}}],"collection":[{"href":"https:\/\/www.evearly.news\/fr\/wp-json\/wp\/v2\/posts"}],"about":[{"href":"https:\/\/www.evearly.news\/fr\/wp-json\/wp\/v2\/types\/post"}],"author":[{"embeddable":true,"href":"https:\/\/www.evearly.news\/fr\/wp-json\/wp\/v2\/users\/18"}],"replies":[{"embeddable":true,"href":"https:\/\/www.evearly.news\/fr\/wp-json\/wp\/v2\/comments?post=310480"}],"version-history":[{"count":0,"href":"https:\/\/www.evearly.news\/fr\/wp-json\/wp\/v2\/posts\/310480\/revisions"}],"wp:featuredmedia":[{"embeddable":true,"href":"https:\/\/www.evearly.news\/fr\/wp-json\/wp\/v2\/media\/310481"}],"wp:attachment":[{"href":"https:\/\/www.evearly.news\/fr\/wp-json\/wp\/v2\/media?parent=310480"}],"wp:term":[{"taxonomy":"category","embeddable":true,"href":"https:\/\/www.evearly.news\/fr\/wp-json\/wp\/v2\/categories?post=310480"},{"taxonomy":"post_tag","embeddable":true,"href":"https:\/\/www.evearly.news\/fr\/wp-json\/wp\/v2\/tags?post=310480"}],"curies":[{"name":"wp","href":"https:\/\/api.w.org\/{rel}","templated":true}]}}