{"id":310484,"date":"2025-10-14T11:52:06","date_gmt":"2025-10-14T09:52:06","guid":{"rendered":"https:\/\/www.evearly.news\/fr\/kei-cars-et-si-leurope-revenait-a-ses-racines-automobiles-version-electrique\/"},"modified":"2025-10-14T11:52:06","modified_gmt":"2025-10-14T09:52:06","slug":"kei-cars-et-si-leurope-revenait-a-ses-racines-automobiles-version-electrique","status":"publish","type":"post","link":"https:\/\/www.evearly.news\/fr\/kei-cars-et-si-leurope-revenait-a-ses-racines-automobiles-version-electrique\/","title":{"rendered":"\u00ab\u00a0Kei cars\u00a0\u00bb : et si l\u2019Europe revenait \u00e0 ses racines automobiles, version \u00e9lectrique ?"},"content":{"rendered":"<p><img loading=\"lazy\" decoding=\"async\" width=\"500\" height=\"333\" src=\"https:\/\/www.evearly.news\/fr\/wp-content\/uploads\/sites\/6\/2025\/10\/kei-cars-et-si-leurope-revenait-a-ses-racines-automobiles-version-electrique.jpg\" class=\"attachment-1200x800 size-1200x800 wp-post-image\" alt=\"\" srcset=\"https:\/\/www.evearly.news\/fr\/wp-content\/uploads\/sites\/6\/2025\/10\/kei-cars-et-si-leurope-revenait-a-ses-racines-automobiles-version-electrique.jpg 1500w, https:\/\/www.evearly.news\/fr\/wp-content\/uploads\/sites\/6\/2025\/10\/kei-cars-et-si-leurope-revenait-a-ses-racines-automobiles-version-electrique-1.jpg 1024w, https:\/\/www.evearly.news\/fr\/wp-content\/uploads\/sites\/6\/2025\/10\/kei-cars-et-si-leurope-revenait-a-ses-racines-automobiles-version-electrique-2.jpg 140w, https:\/\/www.evearly.news\/fr\/wp-content\/uploads\/sites\/6\/2025\/10\/kei-cars-et-si-leurope-revenait-a-ses-racines-automobiles-version-electrique-3.jpg 768w, https:\/\/www.evearly.news\/fr\/wp-content\/uploads\/sites\/6\/2025\/10\/kei-cars-et-si-leurope-revenait-a-ses-racines-automobiles-version-electrique-4.jpg 620w, https:\/\/www.evearly.news\/fr\/wp-content\/uploads\/sites\/6\/2025\/10\/kei-cars-et-si-leurope-revenait-a-ses-racines-automobiles-version-electrique-5.jpg 100w, https:\/\/www.evearly.news\/fr\/wp-content\/uploads\/sites\/6\/2025\/10\/kei-cars-et-si-leurope-revenait-a-ses-racines-automobiles-version-electrique-6.jpg 190w, https:\/\/cdn.automobile-propre.com\/uploads\/2025\/10\/Hipster-Concept-004-600x400.jpg 600w\" sizes=\"auto, (max-width: 1200px) 100vw, 1200px\" \/><br \/>\nL&rsquo;Union Europ\u00e9enne semble vouloir s&rsquo;ouvrir \u00e0 une cat\u00e9gorie de petites voitures sobres et \u00e9conomiques, notamment en levant certaines normes qui bloquent la croissance de ce segment. On fait le point.\u00a0<a href=https:\/\/www.automobile-propre.com\/articles\/kei-cars-et-si-leurope-revenait-a-ses-racines-automobiles-version-electrique\/ target='bwindow'>Lire la suite&#8230;<\/a><\/p>\n","protected":false},"excerpt":{"rendered":"<p>&#8230; <a class=\"continue-reading-link\" href=\"https:\/\/www.evearly.news\/fr\/kei-cars-et-si-leurope-revenait-a-ses-racines-automobiles-version-electrique\/\"><\/a><\/p>\n","protected":false},"author":8,"featured_media":310485,"comment_status":"closed","ping_status":"open","sticky":false,"template":"Default","format":"standard","meta":{"footnotes":""},"categories":[8],"tags":[],"class_list":["post-310484","post","type-post","status-publish","format-standard","has-post-thumbnail","hentry","category-automobile-propre"],"_links":{"self":[{"href":"https:\/\/www.evearly.news\/fr\/wp-json\/wp\/v2\/posts\/310484","targetHints":{"allow":["GET"]}}],"collection":[{"href":"https:\/\/www.evearly.news\/fr\/wp-json\/wp\/v2\/posts"}],"about":[{"href":"https:\/\/www.evearly.news\/fr\/wp-json\/wp\/v2\/types\/post"}],"author":[{"embeddable":true,"href":"https:\/\/www.evearly.news\/fr\/wp-json\/wp\/v2\/users\/8"}],"replies":[{"embeddable":true,"href":"https:\/\/www.evearly.news\/fr\/wp-json\/wp\/v2\/comments?post=310484"}],"version-history":[{"count":0,"href":"https:\/\/www.evearly.news\/fr\/wp-json\/wp\/v2\/posts\/310484\/revisions"}],"wp:featuredmedia":[{"embeddable":true,"href":"https:\/\/www.evearly.news\/fr\/wp-json\/wp\/v2\/media\/310485"}],"wp:attachment":[{"href":"https:\/\/www.evearly.news\/fr\/wp-json\/wp\/v2\/media?parent=310484"}],"wp:term":[{"taxonomy":"category","embeddable":true,"href":"https:\/\/www.evearly.news\/fr\/wp-json\/wp\/v2\/categories?post=310484"},{"taxonomy":"post_tag","embeddable":true,"href":"https:\/\/www.evearly.news\/fr\/wp-json\/wp\/v2\/tags?post=310484"}],"curies":[{"name":"wp","href":"https:\/\/api.w.org\/{rel}","templated":true}]}}