{"id":310491,"date":"2025-10-14T12:44:09","date_gmt":"2025-10-14T10:44:09","guid":{"rendered":"https:\/\/www.evearly.news\/fr\/byd-aurait-fait-son-choix-pour-sa-3eme-usine-en-europe-pourquoi-la-france-et-lallemagne-ne-sont-pas-de-la-partie\/"},"modified":"2025-10-14T12:44:09","modified_gmt":"2025-10-14T10:44:09","slug":"byd-aurait-fait-son-choix-pour-sa-3eme-usine-en-europe-pourquoi-la-france-et-lallemagne-ne-sont-pas-de-la-partie","status":"publish","type":"post","link":"https:\/\/www.evearly.news\/fr\/byd-aurait-fait-son-choix-pour-sa-3eme-usine-en-europe-pourquoi-la-france-et-lallemagne-ne-sont-pas-de-la-partie\/","title":{"rendered":"BYD aurait fait son choix pour sa 3\u00e8me usine en Europe : pourquoi la France et l\u2019Allemagne ne sont pas de la partie"},"content":{"rendered":"<p><img width=\"1200\" height=\"675\" src=\"https:\/\/www.evearly.news\/fr\/wp-content\/uploads\/sites\/6\/2025\/10\/byd-aurait-fait-son-choix-pour-sa-3eme-usine-en-europe-pourquoi-la-france-et-lallemagne-ne-sont-pas-de-la-partie.jpg\" class=\"attachment-full size-full wp-post-image\" alt=\"\" decoding=\"async\" loading=\"lazy\" \/<br \/>\nApr\u00e8s la Hongrie et la Turquie, la 3\u00e8me usine de BYD pourrait \u00eatre implant\u00e9e en Espagne. Le pays serait le favori du leader mondial de la voiture \u00e9lectrique, et ce pour plusieurs raisons.<br \/>\n <a href=https:\/\/www.frandroid.com\/marques\/byd\/2830689_byd-aurait-fait-son-choix-pour-sa-3eme-usine-en-europe-pourquoi-la-france-et-lallemagne-ne-sont-pas-de-la-partie target='blank'>Lire la suite&#8230;<\/a><\/p>\n","protected":false},"excerpt":{"rendered":"<p>&lt;img width=&quot;1200&quot; height=&quot;675&quot; src=&quot;https:\/\/www.evearly.news\/fr\/wp-content\/uploads\/sites\/6\/2025\/10\/byd-aurait-fait-son-choix-pour-sa-3eme-usine-en-europe-pourquoi-la-france-et-lallemagne-ne-sont-pas-de-la-partie.jpg&quot; class=&quot;attachment-full size-full wp-post-image&quot; alt=&quot;&quot; decoding=&quot;async&quot; loading=&quot;lazy&quot; \/<br \/>\nApr\u00e8s la Hongrie et la Turquie, la 3\u00e8me usine de BYD pourrait \u00eatre implant\u00e9e en Espagne. Le pays serait le favori du leader mondial de la voiture \u00e9lectrique, et ce pour plusieurs raisons.\n<\/p>\n<p> <a class=\"continue-reading-link\" href=\"https:\/\/www.evearly.news\/fr\/byd-aurait-fait-son-choix-pour-sa-3eme-usine-en-europe-pourquoi-la-france-et-lallemagne-ne-sont-pas-de-la-partie\/\"><\/a><\/p>\n","protected":false},"author":6,"featured_media":310492,"comment_status":"closed","ping_status":"open","sticky":false,"template":"Default","format":"standard","meta":{"footnotes":""},"categories":[14],"tags":[],"class_list":["post-310491","post","type-post","status-publish","format-standard","has-post-thumbnail","hentry","category-frandroid"],"_links":{"self":[{"href":"https:\/\/www.evearly.news\/fr\/wp-json\/wp\/v2\/posts\/310491","targetHints":{"allow":["GET"]}}],"collection":[{"href":"https:\/\/www.evearly.news\/fr\/wp-json\/wp\/v2\/posts"}],"about":[{"href":"https:\/\/www.evearly.news\/fr\/wp-json\/wp\/v2\/types\/post"}],"author":[{"embeddable":true,"href":"https:\/\/www.evearly.news\/fr\/wp-json\/wp\/v2\/users\/6"}],"replies":[{"embeddable":true,"href":"https:\/\/www.evearly.news\/fr\/wp-json\/wp\/v2\/comments?post=310491"}],"version-history":[{"count":0,"href":"https:\/\/www.evearly.news\/fr\/wp-json\/wp\/v2\/posts\/310491\/revisions"}],"wp:featuredmedia":[{"embeddable":true,"href":"https:\/\/www.evearly.news\/fr\/wp-json\/wp\/v2\/media\/310492"}],"wp:attachment":[{"href":"https:\/\/www.evearly.news\/fr\/wp-json\/wp\/v2\/media?parent=310491"}],"wp:term":[{"taxonomy":"category","embeddable":true,"href":"https:\/\/www.evearly.news\/fr\/wp-json\/wp\/v2\/categories?post=310491"},{"taxonomy":"post_tag","embeddable":true,"href":"https:\/\/www.evearly.news\/fr\/wp-json\/wp\/v2\/tags?post=310491"}],"curies":[{"name":"wp","href":"https:\/\/api.w.org\/{rel}","templated":true}]}}