{"id":310493,"date":"2025-10-14T13:02:37","date_gmt":"2025-10-14T11:02:37","guid":{"rendered":"https:\/\/www.evearly.news\/fr\/mercedes-vision-iconic-un-concept-electrique-inspire-du-passe-qui-en-impose\/"},"modified":"2025-10-14T13:02:37","modified_gmt":"2025-10-14T11:02:37","slug":"mercedes-vision-iconic-un-concept-electrique-inspire-du-passe-qui-en-impose","status":"publish","type":"post","link":"https:\/\/www.evearly.news\/fr\/mercedes-vision-iconic-un-concept-electrique-inspire-du-passe-qui-en-impose\/","title":{"rendered":"Mercedes Vision Iconic : un concept \u00e9lectrique inspir\u00e9 du pass\u00e9 qui en impose !"},"content":{"rendered":"<p><img loading=\"lazy\" decoding=\"async\" width=\"500\" height=\"333\" src=\"https:\/\/www.evearly.news\/fr\/wp-content\/uploads\/sites\/6\/2025\/10\/mercedes-vision-iconic-un-concept-electrique-inspire-du-passe-qui-en-impose.jpg\" class=\"attachment-1200x800 size-1200x800 wp-post-image\" alt=\"\" srcset=\"https:\/\/www.evearly.news\/fr\/wp-content\/uploads\/sites\/6\/2025\/10\/mercedes-vision-iconic-un-concept-electrique-inspire-du-passe-qui-en-impose.jpg 1536w, https:\/\/www.evearly.news\/fr\/wp-content\/uploads\/sites\/6\/2025\/10\/mercedes-vision-iconic-un-concept-electrique-inspire-du-passe-qui-en-impose-1.jpg 1640w, https:\/\/www.evearly.news\/fr\/wp-content\/uploads\/sites\/6\/2025\/10\/mercedes-vision-iconic-un-concept-electrique-inspire-du-passe-qui-en-impose-2.jpg 1024w, https:\/\/www.evearly.news\/fr\/wp-content\/uploads\/sites\/6\/2025\/10\/mercedes-vision-iconic-un-concept-electrique-inspire-du-passe-qui-en-impose-3.jpg 140w, https:\/\/www.evearly.news\/fr\/wp-content\/uploads\/sites\/6\/2025\/10\/mercedes-vision-iconic-un-concept-electrique-inspire-du-passe-qui-en-impose-4.jpg 768w, https:\/\/www.evearly.news\/fr\/wp-content\/uploads\/sites\/6\/2025\/10\/mercedes-vision-iconic-un-concept-electrique-inspire-du-passe-qui-en-impose-5.jpg 2048w, https:\/\/www.evearly.news\/fr\/wp-content\/uploads\/sites\/6\/2025\/10\/mercedes-vision-iconic-un-concept-electrique-inspire-du-passe-qui-en-impose-6.jpg 620w, https:\/\/www.evearly.news\/fr\/wp-content\/uploads\/sites\/6\/2025\/10\/mercedes-vision-iconic-un-concept-electrique-inspire-du-passe-qui-en-impose-7.jpg 100w, https:\/\/www.evearly.news\/fr\/wp-content\/uploads\/sites\/6\/2025\/10\/mercedes-vision-iconic-un-concept-electrique-inspire-du-passe-qui-en-impose-8.jpg 190w, https:\/\/cdn.automobile-propre.com\/uploads\/2025\/10\/25c0255_004-600x400.jpg 600w\" sizes=\"auto, (max-width: 1200px) 100vw, 1200px\" \/><br \/>\nLe constructeur de Stuttgart vient de lever le voile sur un concept baptis\u00e9 Vision Iconic. Une Mercedes pas comme les autres, inspir\u00e9e de l&rsquo;h\u00e9ritage de la marque et con\u00e7ue pour imaginer l&rsquo;avenir de l&rsquo;\u00e9lectrique.\u00a0<a href=https:\/\/www.automobile-propre.com\/breves\/mercedes-vision-iconic-un-nouveau-concept-electrique-qui-en-impose\/ target='bwindow'>Lire la suite&#8230;<\/a><\/p>\n","protected":false},"excerpt":{"rendered":"<p>&#8230; <a class=\"continue-reading-link\" href=\"https:\/\/www.evearly.news\/fr\/mercedes-vision-iconic-un-concept-electrique-inspire-du-passe-qui-en-impose\/\"><\/a><\/p>\n","protected":false},"author":8,"featured_media":310494,"comment_status":"closed","ping_status":"open","sticky":false,"template":"Default","format":"standard","meta":{"footnotes":""},"categories":[8],"tags":[],"class_list":["post-310493","post","type-post","status-publish","format-standard","has-post-thumbnail","hentry","category-automobile-propre"],"_links":{"self":[{"href":"https:\/\/www.evearly.news\/fr\/wp-json\/wp\/v2\/posts\/310493","targetHints":{"allow":["GET"]}}],"collection":[{"href":"https:\/\/www.evearly.news\/fr\/wp-json\/wp\/v2\/posts"}],"about":[{"href":"https:\/\/www.evearly.news\/fr\/wp-json\/wp\/v2\/types\/post"}],"author":[{"embeddable":true,"href":"https:\/\/www.evearly.news\/fr\/wp-json\/wp\/v2\/users\/8"}],"replies":[{"embeddable":true,"href":"https:\/\/www.evearly.news\/fr\/wp-json\/wp\/v2\/comments?post=310493"}],"version-history":[{"count":0,"href":"https:\/\/www.evearly.news\/fr\/wp-json\/wp\/v2\/posts\/310493\/revisions"}],"wp:featuredmedia":[{"embeddable":true,"href":"https:\/\/www.evearly.news\/fr\/wp-json\/wp\/v2\/media\/310494"}],"wp:attachment":[{"href":"https:\/\/www.evearly.news\/fr\/wp-json\/wp\/v2\/media?parent=310493"}],"wp:term":[{"taxonomy":"category","embeddable":true,"href":"https:\/\/www.evearly.news\/fr\/wp-json\/wp\/v2\/categories?post=310493"},{"taxonomy":"post_tag","embeddable":true,"href":"https:\/\/www.evearly.news\/fr\/wp-json\/wp\/v2\/tags?post=310493"}],"curies":[{"name":"wp","href":"https:\/\/api.w.org\/{rel}","templated":true}]}}