{"id":310499,"date":"2025-10-14T14:05:40","date_gmt":"2025-10-14T12:05:40","guid":{"rendered":"https:\/\/www.evearly.news\/fr\/nous-sommes-hyper-legitimes-le-plan-de-citroen-pour-reconquerir-le-marche-de-lautomobile-2\/"},"modified":"2025-10-14T14:05:40","modified_gmt":"2025-10-14T12:05:40","slug":"nous-sommes-hyper-legitimes-le-plan-de-citroen-pour-reconquerir-le-marche-de-lautomobile-2","status":"publish","type":"post","link":"https:\/\/www.evearly.news\/fr\/nous-sommes-hyper-legitimes-le-plan-de-citroen-pour-reconquerir-le-marche-de-lautomobile-2\/","title":{"rendered":"\u00ab\u00a0Nous sommes hyper l\u00e9gitimes\u00a0\u00bb : le plan de Citro\u00ebn pour reconqu\u00e9rir le march\u00e9 de l\u2019automobile"},"content":{"rendered":"<p><img loading=\"lazy\" width=\"1920\" height=\"1280\" src=\"https:\/\/www.evearly.news\/fr\/wp-content\/uploads\/sites\/6\/2025\/10\/nous-sommes-hyper-legitimes-le-plan-de-citroen-pour-reconquerir-le-marche-de-lautomobile.jpg\" class=\"attachment-full size-full wp-post-image\" alt=\"Plan Citroen Marche Auto\" decoding=\"async\" srcset=\"https:\/\/www.evearly.news\/fr\/wp-content\/uploads\/sites\/6\/2025\/10\/nous-sommes-hyper-legitimes-le-plan-de-citroen-pour-reconquerir-le-marche-de-lautomobile.jpg 1920w, https:\/\/www.evearly.news\/fr\/wp-content\/uploads\/sites\/6\/2025\/10\/nous-sommes-hyper-legitimes-le-plan-de-citroen-pour-reconquerir-le-marche-de-lautomobile-6.jpg 384w, https:\/\/www.evearly.news\/fr\/wp-content\/uploads\/sites\/6\/2025\/10\/nous-sommes-hyper-legitimes-le-plan-de-citroen-pour-reconquerir-le-marche-de-lautomobile-7.jpg 880w, https:\/\/www.evearly.news\/fr\/wp-content\/uploads\/sites\/6\/2025\/10\/nous-sommes-hyper-legitimes-le-plan-de-citroen-pour-reconquerir-le-marche-de-lautomobile-8.jpg 50w, https:\/\/www.evearly.news\/fr\/wp-content\/uploads\/sites\/6\/2025\/10\/nous-sommes-hyper-legitimes-le-plan-de-citroen-pour-reconquerir-le-marche-de-lautomobile-9.jpg 640w, https:\/\/www.evearly.news\/fr\/wp-content\/uploads\/sites\/6\/2025\/10\/nous-sommes-hyper-legitimes-le-plan-de-citroen-pour-reconquerir-le-marche-de-lautomobile-10.jpg 1280w, https:\/\/www.presse-citron.net\/app\/uploads\/2025\/10\/plan-citroen-marche-auto-1632x1088.jpg 1632w\" sizes=\"auto, (max-width: 1920px) 100vw, 1920px\"><\/p>\n<p>Passer de 3% \u00e0 5% de part de march\u00e9 en Europe : voil\u00e0 le d\u00e9fi que se lance Citro\u00ebn. Une mission loin d&rsquo;\u00eatre facile alors que le constructeur est pass\u00e9 de 10,6% \u00e0 6,5% en France, son principal march\u00e9. Mais le nouveau PDG Xavier Chardon a un plan.<a href=\"https:\/\/www.presse-citron.net\/nous-sommes-hyperlegitimes-plan-citroen-reconquerir-marche-automobile\/\" target=blank> Lire la suite&#8230;<\/a><\/p>\n","protected":false},"excerpt":{"rendered":"<p>Passer de 3% \u00e0 5% de part de march\u00e9 en Europe : voil\u00e0 le d\u00e9fi que se lance Citro\u00ebn. Une mission loin d&rsquo;\u00eatre facile alors que le constructeur est pass\u00e9 de 10,6% \u00e0 6,5% en France, son principal march\u00e9. Mais le nouveau PDG Xavier Chardon a un plan&#8230;. <a class=\"continue-reading-link\" href=\"https:\/\/www.evearly.news\/fr\/nous-sommes-hyper-legitimes-le-plan-de-citroen-pour-reconquerir-le-marche-de-lautomobile-2\/\"><\/a><\/p>\n","protected":false},"author":18,"featured_media":310500,"comment_status":"closed","ping_status":"open","sticky":false,"template":"Default","format":"standard","meta":{"footnotes":""},"categories":[19],"tags":[],"class_list":["post-310499","post","type-post","status-publish","format-standard","has-post-thumbnail","hentry","category-presse-citron"],"_links":{"self":[{"href":"https:\/\/www.evearly.news\/fr\/wp-json\/wp\/v2\/posts\/310499","targetHints":{"allow":["GET"]}}],"collection":[{"href":"https:\/\/www.evearly.news\/fr\/wp-json\/wp\/v2\/posts"}],"about":[{"href":"https:\/\/www.evearly.news\/fr\/wp-json\/wp\/v2\/types\/post"}],"author":[{"embeddable":true,"href":"https:\/\/www.evearly.news\/fr\/wp-json\/wp\/v2\/users\/18"}],"replies":[{"embeddable":true,"href":"https:\/\/www.evearly.news\/fr\/wp-json\/wp\/v2\/comments?post=310499"}],"version-history":[{"count":0,"href":"https:\/\/www.evearly.news\/fr\/wp-json\/wp\/v2\/posts\/310499\/revisions"}],"wp:featuredmedia":[{"embeddable":true,"href":"https:\/\/www.evearly.news\/fr\/wp-json\/wp\/v2\/media\/310500"}],"wp:attachment":[{"href":"https:\/\/www.evearly.news\/fr\/wp-json\/wp\/v2\/media?parent=310499"}],"wp:term":[{"taxonomy":"category","embeddable":true,"href":"https:\/\/www.evearly.news\/fr\/wp-json\/wp\/v2\/categories?post=310499"},{"taxonomy":"post_tag","embeddable":true,"href":"https:\/\/www.evearly.news\/fr\/wp-json\/wp\/v2\/tags?post=310499"}],"curies":[{"name":"wp","href":"https:\/\/api.w.org\/{rel}","templated":true}]}}