{"id":310572,"date":"2025-10-15T11:28:47","date_gmt":"2025-10-15T09:28:47","guid":{"rendered":"https:\/\/www.evearly.news\/fr\/les-longs-trajets-en-peugeot-electriques-vont-devenir-encore-plus-simples-avec-cette-bonne-nouvelle\/"},"modified":"2025-10-15T11:28:47","modified_gmt":"2025-10-15T09:28:47","slug":"les-longs-trajets-en-peugeot-electriques-vont-devenir-encore-plus-simples-avec-cette-bonne-nouvelle","status":"publish","type":"post","link":"https:\/\/www.evearly.news\/fr\/les-longs-trajets-en-peugeot-electriques-vont-devenir-encore-plus-simples-avec-cette-bonne-nouvelle\/","title":{"rendered":"Les longs trajets en Peugeot \u00e9lectriques vont devenir encore plus simples avec cette bonne nouvelle"},"content":{"rendered":"<p><img width=\"1200\" height=\"675\" src=\"https:\/\/www.evearly.news\/fr\/wp-content\/uploads\/sites\/6\/2025\/10\/les-longs-trajets-en-peugeot-electriques-vont-devenir-encore-plus-simples-avec-cette-bonne-nouvelle.jpg\" class=\"attachment-full size-full wp-post-image\" alt=\"\" decoding=\"async\" loading=\"lazy\" \/<br \/>\nPeugeot veut relancer ses ventes de voitures \u00e9lectriques et enrichit l\u2019offre de services connect\u00e9s offerts sur ses autos. Ces derniers sont accessibles \u00e0 tous les clients sans surco\u00fbt pour une dur\u00e9e de dix ans. Une tr\u00e8s bonne nouvelle pour les longs trajets.<br \/>\n <a href=https:\/\/www.frandroid.com\/marques\/peugeot\/2832151_les-longs-trajets-en-peugeot-electriques-vont-devenir-encore-plus-simples-avec-cette-bonne-nouvelle target='blank'>Lire la suite&#8230;<\/a><\/p>\n","protected":false},"excerpt":{"rendered":"<p>&lt;img width=&quot;1200&quot; height=&quot;675&quot; src=&quot;https:\/\/www.evearly.news\/fr\/wp-content\/uploads\/sites\/6\/2025\/10\/les-longs-trajets-en-peugeot-electriques-vont-devenir-encore-plus-simples-avec-cette-bonne-nouvelle.jpg&quot; class=&quot;attachment-full size-full wp-post-image&quot; alt=&quot;&quot; decoding=&quot;async&quot; loading=&quot;lazy&quot; \/<br \/>\nPeugeot veut relancer ses ventes de voitures \u00e9lectriques et enrichit l\u2019offre de services connect\u00e9s offerts sur ses autos. Ces derniers sont accessibles \u00e0 tous les clients sans surco\u00fbt pour une dur\u00e9e de dix ans. Une tr\u00e8s bonne nouvelle pour les longs trajets.\n<\/p>\n<p> <a class=\"continue-reading-link\" href=\"https:\/\/www.evearly.news\/fr\/les-longs-trajets-en-peugeot-electriques-vont-devenir-encore-plus-simples-avec-cette-bonne-nouvelle\/\"><\/a><\/p>\n","protected":false},"author":6,"featured_media":310573,"comment_status":"closed","ping_status":"open","sticky":false,"template":"Default","format":"standard","meta":{"footnotes":""},"categories":[14],"tags":[],"class_list":["post-310572","post","type-post","status-publish","format-standard","has-post-thumbnail","hentry","category-frandroid"],"_links":{"self":[{"href":"https:\/\/www.evearly.news\/fr\/wp-json\/wp\/v2\/posts\/310572","targetHints":{"allow":["GET"]}}],"collection":[{"href":"https:\/\/www.evearly.news\/fr\/wp-json\/wp\/v2\/posts"}],"about":[{"href":"https:\/\/www.evearly.news\/fr\/wp-json\/wp\/v2\/types\/post"}],"author":[{"embeddable":true,"href":"https:\/\/www.evearly.news\/fr\/wp-json\/wp\/v2\/users\/6"}],"replies":[{"embeddable":true,"href":"https:\/\/www.evearly.news\/fr\/wp-json\/wp\/v2\/comments?post=310572"}],"version-history":[{"count":0,"href":"https:\/\/www.evearly.news\/fr\/wp-json\/wp\/v2\/posts\/310572\/revisions"}],"wp:featuredmedia":[{"embeddable":true,"href":"https:\/\/www.evearly.news\/fr\/wp-json\/wp\/v2\/media\/310573"}],"wp:attachment":[{"href":"https:\/\/www.evearly.news\/fr\/wp-json\/wp\/v2\/media?parent=310572"}],"wp:term":[{"taxonomy":"category","embeddable":true,"href":"https:\/\/www.evearly.news\/fr\/wp-json\/wp\/v2\/categories?post=310572"},{"taxonomy":"post_tag","embeddable":true,"href":"https:\/\/www.evearly.news\/fr\/wp-json\/wp\/v2\/tags?post=310572"}],"curies":[{"name":"wp","href":"https:\/\/api.w.org\/{rel}","templated":true}]}}