{"id":310574,"date":"2025-10-15T11:29:12","date_gmt":"2025-10-15T09:29:12","guid":{"rendered":"https:\/\/www.evearly.news\/fr\/revente-express-ou-galere-le-classement-des-voitures-electriques-doccasion-en-2025\/"},"modified":"2025-10-15T11:29:12","modified_gmt":"2025-10-15T09:29:12","slug":"revente-express-ou-galere-le-classement-des-voitures-electriques-doccasion-en-2025","status":"publish","type":"post","link":"https:\/\/www.evearly.news\/fr\/revente-express-ou-galere-le-classement-des-voitures-electriques-doccasion-en-2025\/","title":{"rendered":"Revente express ou gal\u00e8re : le classement des voitures \u00e9lectriques d\u2019occasion en 2025"},"content":{"rendered":"<p><img width=\"1200\" height=\"675\" src=\"https:\/\/www.evearly.news\/fr\/wp-content\/uploads\/sites\/6\/2025\/10\/revente-express-ou-galere-le-classement-des-voitures-electriques-doccasion-en-2025.jpg\" class=\"attachment-full size-full wp-post-image\" alt=\"\" decoding=\"async\" loading=\"lazy\" \/<br \/>\nL\u2019Avere-France vient de publier son barom\u00e8tre du march\u00e9 de la voiture \u00e9lectrique d\u2019occasion. Et on peut dire que tous les mod\u00e8les ne sont pas log\u00e9s \u00e0 la m\u00eame enseigne, bien au contraire.<br \/>\n <a href=https:\/\/www.frandroid.com\/survoltes\/2832097_revente-express-ou-galere-le-classement-des-voitures-electriques-doccasion-en-2025 target='blank'>Lire la suite&#8230;<\/a><\/p>\n","protected":false},"excerpt":{"rendered":"<p>&lt;img width=&quot;1200&quot; height=&quot;675&quot; src=&quot;https:\/\/www.evearly.news\/fr\/wp-content\/uploads\/sites\/6\/2025\/10\/revente-express-ou-galere-le-classement-des-voitures-electriques-doccasion-en-2025.jpg&quot; class=&quot;attachment-full size-full wp-post-image&quot; alt=&quot;&quot; decoding=&quot;async&quot; loading=&quot;lazy&quot; \/<br \/>\nL\u2019Avere-France vient de publier son barom\u00e8tre du march\u00e9 de la voiture \u00e9lectrique d\u2019occasion. Et on peut dire que tous les mod\u00e8les ne sont pas log\u00e9s \u00e0 la m\u00eame enseigne, bien au contraire.\n<\/p>\n<p> <a class=\"continue-reading-link\" href=\"https:\/\/www.evearly.news\/fr\/revente-express-ou-galere-le-classement-des-voitures-electriques-doccasion-en-2025\/\"><\/a><\/p>\n","protected":false},"author":6,"featured_media":310575,"comment_status":"closed","ping_status":"open","sticky":false,"template":"Default","format":"standard","meta":{"footnotes":""},"categories":[14],"tags":[],"class_list":["post-310574","post","type-post","status-publish","format-standard","has-post-thumbnail","hentry","category-frandroid"],"_links":{"self":[{"href":"https:\/\/www.evearly.news\/fr\/wp-json\/wp\/v2\/posts\/310574","targetHints":{"allow":["GET"]}}],"collection":[{"href":"https:\/\/www.evearly.news\/fr\/wp-json\/wp\/v2\/posts"}],"about":[{"href":"https:\/\/www.evearly.news\/fr\/wp-json\/wp\/v2\/types\/post"}],"author":[{"embeddable":true,"href":"https:\/\/www.evearly.news\/fr\/wp-json\/wp\/v2\/users\/6"}],"replies":[{"embeddable":true,"href":"https:\/\/www.evearly.news\/fr\/wp-json\/wp\/v2\/comments?post=310574"}],"version-history":[{"count":0,"href":"https:\/\/www.evearly.news\/fr\/wp-json\/wp\/v2\/posts\/310574\/revisions"}],"wp:featuredmedia":[{"embeddable":true,"href":"https:\/\/www.evearly.news\/fr\/wp-json\/wp\/v2\/media\/310575"}],"wp:attachment":[{"href":"https:\/\/www.evearly.news\/fr\/wp-json\/wp\/v2\/media?parent=310574"}],"wp:term":[{"taxonomy":"category","embeddable":true,"href":"https:\/\/www.evearly.news\/fr\/wp-json\/wp\/v2\/categories?post=310574"},{"taxonomy":"post_tag","embeddable":true,"href":"https:\/\/www.evearly.news\/fr\/wp-json\/wp\/v2\/tags?post=310574"}],"curies":[{"name":"wp","href":"https:\/\/api.w.org\/{rel}","templated":true}]}}