{"id":310578,"date":"2025-10-15T12:05:33","date_gmt":"2025-10-15T10:05:33","guid":{"rendered":"https:\/\/www.evearly.news\/fr\/tesla-lance-un-nouvel-interieur-pour-la-model-y-un-coloris-inedit-pour-le-constructeur\/"},"modified":"2025-10-15T12:05:33","modified_gmt":"2025-10-15T10:05:33","slug":"tesla-lance-un-nouvel-interieur-pour-la-model-y-un-coloris-inedit-pour-le-constructeur","status":"publish","type":"post","link":"https:\/\/www.evearly.news\/fr\/tesla-lance-un-nouvel-interieur-pour-la-model-y-un-coloris-inedit-pour-le-constructeur\/","title":{"rendered":"Tesla lance un nouvel int\u00e9rieur pour la Model Y : un coloris in\u00e9dit pour le constructeur"},"content":{"rendered":"<p><img loading=\"lazy\" width=\"1200\" height=\"675\" src=\"https:\/\/www.evearly.news\/fr\/wp-content\/uploads\/sites\/6\/2025\/10\/tesla-lance-un-nouvel-interieur-pour-la-model-y-un-coloris-inedit-pour-le-constructeur.jpg\" class=\"attachment-full size-full wp-post-image\" alt=\"\" decoding=\"async\" \/<br \/>\nEn Chine, le configurateur de la Tesla Model Y \u00e0 six places propose une toute nouvelle sellerie, totalement in\u00e9dite. Il n\u2019est pas exclu que celle-ci finisse par \u00eatre propos\u00e9e sur la voiture \u00e9lectrique en Europe.<br \/>\n <a href=https:\/\/www.frandroid.com\/marques\/tesla\/2832271_tesla-lance-un-nouvel-interieur-pour-la-model-y-un-coloris-inedit-pour-le-constructeur target='blank'>Lire la suite&#8230;<\/a><\/p>\n","protected":false},"excerpt":{"rendered":"<p>&lt;img width=&quot;1200&quot; height=&quot;675&quot; src=&quot;https:\/\/www.evearly.news\/fr\/wp-content\/uploads\/sites\/6\/2025\/10\/tesla-lance-un-nouvel-interieur-pour-la-model-y-un-coloris-inedit-pour-le-constructeur.jpg&quot; class=&quot;attachment-full size-full wp-post-image&quot; alt=&quot;&quot; decoding=&quot;async&quot; \/<br \/>\nEn Chine, le configurateur de la Tesla Model Y \u00e0 six places propose une toute nouvelle sellerie, totalement in\u00e9dite. Il n\u2019est pas exclu que celle-ci finisse par \u00eatre propos\u00e9e sur la voiture \u00e9lectrique en Europe.\n<\/p>\n<p> <a class=\"continue-reading-link\" href=\"https:\/\/www.evearly.news\/fr\/tesla-lance-un-nouvel-interieur-pour-la-model-y-un-coloris-inedit-pour-le-constructeur\/\"><\/a><\/p>\n","protected":false},"author":6,"featured_media":310579,"comment_status":"closed","ping_status":"open","sticky":false,"template":"Default","format":"standard","meta":{"footnotes":""},"categories":[14],"tags":[],"class_list":["post-310578","post","type-post","status-publish","format-standard","has-post-thumbnail","hentry","category-frandroid"],"_links":{"self":[{"href":"https:\/\/www.evearly.news\/fr\/wp-json\/wp\/v2\/posts\/310578","targetHints":{"allow":["GET"]}}],"collection":[{"href":"https:\/\/www.evearly.news\/fr\/wp-json\/wp\/v2\/posts"}],"about":[{"href":"https:\/\/www.evearly.news\/fr\/wp-json\/wp\/v2\/types\/post"}],"author":[{"embeddable":true,"href":"https:\/\/www.evearly.news\/fr\/wp-json\/wp\/v2\/users\/6"}],"replies":[{"embeddable":true,"href":"https:\/\/www.evearly.news\/fr\/wp-json\/wp\/v2\/comments?post=310578"}],"version-history":[{"count":0,"href":"https:\/\/www.evearly.news\/fr\/wp-json\/wp\/v2\/posts\/310578\/revisions"}],"wp:featuredmedia":[{"embeddable":true,"href":"https:\/\/www.evearly.news\/fr\/wp-json\/wp\/v2\/media\/310579"}],"wp:attachment":[{"href":"https:\/\/www.evearly.news\/fr\/wp-json\/wp\/v2\/media?parent=310578"}],"wp:term":[{"taxonomy":"category","embeddable":true,"href":"https:\/\/www.evearly.news\/fr\/wp-json\/wp\/v2\/categories?post=310578"},{"taxonomy":"post_tag","embeddable":true,"href":"https:\/\/www.evearly.news\/fr\/wp-json\/wp\/v2\/tags?post=310578"}],"curies":[{"name":"wp","href":"https:\/\/api.w.org\/{rel}","templated":true}]}}