{"id":310582,"date":"2025-10-15T13:23:10","date_gmt":"2025-10-15T11:23:10","guid":{"rendered":"https:\/\/www.evearly.news\/fr\/alfa-romeo-tonale-restyle-quelles-evolutions-pour-le-petit-suv-hybride-rechargeable\/"},"modified":"2025-10-15T13:23:10","modified_gmt":"2025-10-15T11:23:10","slug":"alfa-romeo-tonale-restyle-quelles-evolutions-pour-le-petit-suv-hybride-rechargeable","status":"publish","type":"post","link":"https:\/\/www.evearly.news\/fr\/alfa-romeo-tonale-restyle-quelles-evolutions-pour-le-petit-suv-hybride-rechargeable\/","title":{"rendered":"Alfa Romeo Tonale restyl\u00e9 : quelles \u00e9volutions pour le petit SUV hybride rechargeable ?"},"content":{"rendered":"<p><img decoding=\"async\" width=\"500\" height=\"333\" src=\"https:\/\/www.evearly.news\/fr\/wp-content\/uploads\/sites\/6\/2025\/10\/alfa-romeo-tonale-restyle-quelles-evolutions-pour-le-petit-suv-hybride-rechargeable.jpg\" class=\"attachment-1200x800 size-1200x800 wp-post-image\" alt=\"\" loading=\"lazy\" srcset=\"https:\/\/www.evearly.news\/fr\/wp-content\/uploads\/sites\/6\/2025\/10\/alfa-romeo-tonale-restyle-quelles-evolutions-pour-le-petit-suv-hybride-rechargeable.jpg 1536w, https:\/\/www.evearly.news\/fr\/wp-content\/uploads\/sites\/6\/2025\/10\/alfa-romeo-tonale-restyle-quelles-evolutions-pour-le-petit-suv-hybride-rechargeable-1.jpg 1640w, https:\/\/www.evearly.news\/fr\/wp-content\/uploads\/sites\/6\/2025\/10\/alfa-romeo-tonale-restyle-quelles-evolutions-pour-le-petit-suv-hybride-rechargeable-2.jpg 1024w, https:\/\/www.evearly.news\/fr\/wp-content\/uploads\/sites\/6\/2025\/10\/alfa-romeo-tonale-restyle-quelles-evolutions-pour-le-petit-suv-hybride-rechargeable-3.jpg 140w, https:\/\/www.evearly.news\/fr\/wp-content\/uploads\/sites\/6\/2025\/10\/alfa-romeo-tonale-restyle-quelles-evolutions-pour-le-petit-suv-hybride-rechargeable-4.jpg 768w, https:\/\/www.evearly.news\/fr\/wp-content\/uploads\/sites\/6\/2025\/10\/alfa-romeo-tonale-restyle-quelles-evolutions-pour-le-petit-suv-hybride-rechargeable-5.jpg 2048w, https:\/\/www.evearly.news\/fr\/wp-content\/uploads\/sites\/6\/2025\/10\/alfa-romeo-tonale-restyle-quelles-evolutions-pour-le-petit-suv-hybride-rechargeable-6.jpg 620w, https:\/\/www.evearly.news\/fr\/wp-content\/uploads\/sites\/6\/2025\/10\/alfa-romeo-tonale-restyle-quelles-evolutions-pour-le-petit-suv-hybride-rechargeable-7.jpg 100w, https:\/\/www.evearly.news\/fr\/wp-content\/uploads\/sites\/6\/2025\/10\/alfa-romeo-tonale-restyle-quelles-evolutions-pour-le-petit-suv-hybride-rechargeable-8.jpg 190w, https:\/\/cdn.automobile-propre.com\/uploads\/2025\/10\/NEWTONALE-600x400.jpg 600w\" sizes=\"auto, (max-width: 1200px) 100vw, 1200px\" \/><br \/>\nCommercialis\u00e9 depuis 2022, l&rsquo;Alfa Romeo Tonale a eu droit \u00e0 une petite mise \u00e0 jour. La marque italienne a revu\u2026\u00a0<a href=https:\/\/www.automobile-propre.com\/articles\/alfa-romeo-tonale-restyle-quelles-evolutions-pour-le-petit-suv-hybride-rechargeable\/ target='bwindow'>Lire la suite&#8230;<\/a><\/p>\n","protected":false},"excerpt":{"rendered":"<p>&#8230; <a class=\"continue-reading-link\" href=\"https:\/\/www.evearly.news\/fr\/alfa-romeo-tonale-restyle-quelles-evolutions-pour-le-petit-suv-hybride-rechargeable\/\"><\/a><\/p>\n","protected":false},"author":8,"featured_media":310583,"comment_status":"closed","ping_status":"open","sticky":false,"template":"Default","format":"standard","meta":{"footnotes":""},"categories":[8],"tags":[],"class_list":["post-310582","post","type-post","status-publish","format-standard","has-post-thumbnail","hentry","category-automobile-propre"],"_links":{"self":[{"href":"https:\/\/www.evearly.news\/fr\/wp-json\/wp\/v2\/posts\/310582","targetHints":{"allow":["GET"]}}],"collection":[{"href":"https:\/\/www.evearly.news\/fr\/wp-json\/wp\/v2\/posts"}],"about":[{"href":"https:\/\/www.evearly.news\/fr\/wp-json\/wp\/v2\/types\/post"}],"author":[{"embeddable":true,"href":"https:\/\/www.evearly.news\/fr\/wp-json\/wp\/v2\/users\/8"}],"replies":[{"embeddable":true,"href":"https:\/\/www.evearly.news\/fr\/wp-json\/wp\/v2\/comments?post=310582"}],"version-history":[{"count":0,"href":"https:\/\/www.evearly.news\/fr\/wp-json\/wp\/v2\/posts\/310582\/revisions"}],"wp:featuredmedia":[{"embeddable":true,"href":"https:\/\/www.evearly.news\/fr\/wp-json\/wp\/v2\/media\/310583"}],"wp:attachment":[{"href":"https:\/\/www.evearly.news\/fr\/wp-json\/wp\/v2\/media?parent=310582"}],"wp:term":[{"taxonomy":"category","embeddable":true,"href":"https:\/\/www.evearly.news\/fr\/wp-json\/wp\/v2\/categories?post=310582"},{"taxonomy":"post_tag","embeddable":true,"href":"https:\/\/www.evearly.news\/fr\/wp-json\/wp\/v2\/tags?post=310582"}],"curies":[{"name":"wp","href":"https:\/\/api.w.org\/{rel}","templated":true}]}}