{"id":310584,"date":"2025-10-15T13:52:31","date_gmt":"2025-10-15T11:52:31","guid":{"rendered":"https:\/\/www.evearly.news\/fr\/essai-cadillac-optiq-ce-nouveau-suv-electrique-peut-il-reussir-en-europe\/"},"modified":"2025-10-15T13:52:31","modified_gmt":"2025-10-15T11:52:31","slug":"essai-cadillac-optiq-ce-nouveau-suv-electrique-peut-il-reussir-en-europe","status":"publish","type":"post","link":"https:\/\/www.evearly.news\/fr\/essai-cadillac-optiq-ce-nouveau-suv-electrique-peut-il-reussir-en-europe\/","title":{"rendered":"Essai Cadillac Optiq : ce nouveau SUV \u00e9lectrique peut-il r\u00e9ussir en Europe ?"},"content":{"rendered":"<div class=\"media_block\"><img decoding=\"async\" src=\"https:\/\/www.evearly.news\/fr\/wp-content\/uploads\/sites\/6\/2025\/10\/essai-cadillac-optiq-ce-nouveau-suv-electrique-peut-il-reussir-en-europe.jpg\"><\/div>\n<p>Moins gros, moins puissant et moins cher que son grand fr\u00e8re Lyriq, le nouveau Cadillac Optic, lui aussi 100% \u00e9lectrique, est un peu plus adapt\u00e9 \u00e0 nos contr\u00e9es. C&rsquo;est sans doute sur lui que le constructeur am\u00e9ricain mise le plus pour le Vieux Continent. Mais pour r\u00e9ussir en Europe, tout n&rsquo;est pas seulement affaire de dimensions. Il faut aussi des prestations routi\u00e8res au niveau. C&rsquo;est ce que nous avons tent\u00e9 de d\u00e9couvrir lors de ce premier contact avec le SUV \u00e9lectrique am\u00e9ricain. <a href=https:\/\/www.automobile-magazine.fr\/tous-les-essais\/article\/49785-essai-nouveau-cadillac-optiq-ce-nouveau-suv-electrique-peut-il-reussir-en-europe target='bwindow'>Lire la suite&#8230;<\/a><\/p>\n","protected":false},"excerpt":{"rendered":"<div class=\"media_block\"><img decoding=\"async\" src=\"https:\/\/www.evearly.news\/fr\/wp-content\/uploads\/sites\/6\/2025\/10\/essai-cadillac-optiq-ce-nouveau-suv-electrique-peut-il-reussir-en-europe.jpg\"><\/div>\n<p> <a class=\"continue-reading-link\" href=\"https:\/\/www.evearly.news\/fr\/essai-cadillac-optiq-ce-nouveau-suv-electrique-peut-il-reussir-en-europe\/\"><\/a><\/p>\n","protected":false},"author":7,"featured_media":310585,"comment_status":"closed","ping_status":"open","sticky":false,"template":"Default","format":"standard","meta":{"footnotes":""},"categories":[7],"tags":[],"class_list":["post-310584","post","type-post","status-publish","format-standard","has-post-thumbnail","hentry","category-automobile-magazine"],"_links":{"self":[{"href":"https:\/\/www.evearly.news\/fr\/wp-json\/wp\/v2\/posts\/310584","targetHints":{"allow":["GET"]}}],"collection":[{"href":"https:\/\/www.evearly.news\/fr\/wp-json\/wp\/v2\/posts"}],"about":[{"href":"https:\/\/www.evearly.news\/fr\/wp-json\/wp\/v2\/types\/post"}],"author":[{"embeddable":true,"href":"https:\/\/www.evearly.news\/fr\/wp-json\/wp\/v2\/users\/7"}],"replies":[{"embeddable":true,"href":"https:\/\/www.evearly.news\/fr\/wp-json\/wp\/v2\/comments?post=310584"}],"version-history":[{"count":0,"href":"https:\/\/www.evearly.news\/fr\/wp-json\/wp\/v2\/posts\/310584\/revisions"}],"wp:featuredmedia":[{"embeddable":true,"href":"https:\/\/www.evearly.news\/fr\/wp-json\/wp\/v2\/media\/310585"}],"wp:attachment":[{"href":"https:\/\/www.evearly.news\/fr\/wp-json\/wp\/v2\/media?parent=310584"}],"wp:term":[{"taxonomy":"category","embeddable":true,"href":"https:\/\/www.evearly.news\/fr\/wp-json\/wp\/v2\/categories?post=310584"},{"taxonomy":"post_tag","embeddable":true,"href":"https:\/\/www.evearly.news\/fr\/wp-json\/wp\/v2\/tags?post=310584"}],"curies":[{"name":"wp","href":"https:\/\/api.w.org\/{rel}","templated":true}]}}