{"id":310598,"date":"2025-10-15T17:38:24","date_gmt":"2025-10-15T15:38:24","guid":{"rendered":"https:\/\/www.evearly.news\/fr\/tesla-les-superchargeurs-800-volts-bientot-disponibles-en-europe-cet-intrigant-bug-nous-met-la-puce-a-loreille\/"},"modified":"2025-10-15T17:38:24","modified_gmt":"2025-10-15T15:38:24","slug":"tesla-les-superchargeurs-800-volts-bientot-disponibles-en-europe-cet-intrigant-bug-nous-met-la-puce-a-loreille","status":"publish","type":"post","link":"https:\/\/www.evearly.news\/fr\/tesla-les-superchargeurs-800-volts-bientot-disponibles-en-europe-cet-intrigant-bug-nous-met-la-puce-a-loreille\/","title":{"rendered":"Tesla : les Superchargeurs 800 volts bient\u00f4t disponibles en Europe ? Cet intrigant bug nous met la puce \u00e0 l\u2019oreille"},"content":{"rendered":"<p><img loading=\"lazy\" width=\"1200\" height=\"675\" src=\"https:\/\/www.evearly.news\/fr\/wp-content\/uploads\/sites\/6\/2025\/10\/tesla-les-superchargeurs-800-volts-bientot-disponibles-en-europe-cet-intrigant-bug-nous-met-la-puce-a-loreille.jpg\" class=\"attachment-full size-full wp-post-image\" alt=\"\" decoding=\"async\" \/<br \/>\nTesla semble \u00eatre en train de pr\u00e9parer l&rsquo;arriv\u00e9e des Superchargeurs 800 volts en Europe. Mais il pourrait aussi simplement \u00eatre la cons\u00e9quence d&rsquo;un simple bug d&rsquo;affichage.<br \/>\n <a href=https:\/\/www.frandroid.com\/marques\/tesla\/2832519_tesla-les-superchargeurs-800-volts-bientot-disponibles-en-europe-cet-intrigant-bug-nous-met-la-puce-a-loreille target='blank'>Lire la suite&#8230;<\/a><\/p>\n","protected":false},"excerpt":{"rendered":"<p>&lt;img width=&quot;1200&quot; height=&quot;675&quot; src=&quot;https:\/\/www.evearly.news\/fr\/wp-content\/uploads\/sites\/6\/2025\/10\/tesla-les-superchargeurs-800-volts-bientot-disponibles-en-europe-cet-intrigant-bug-nous-met-la-puce-a-loreille.jpg&quot; class=&quot;attachment-full size-full wp-post-image&quot; alt=&quot;&quot; decoding=&quot;async&quot; \/<br \/>\nTesla semble \u00eatre en train de pr\u00e9parer l&rsquo;arriv\u00e9e des Superchargeurs 800 volts en Europe. Mais il pourrait aussi simplement \u00eatre la cons\u00e9quence d&rsquo;un simple bug d&rsquo;affichage.\n<\/p>\n<p> <a class=\"continue-reading-link\" href=\"https:\/\/www.evearly.news\/fr\/tesla-les-superchargeurs-800-volts-bientot-disponibles-en-europe-cet-intrigant-bug-nous-met-la-puce-a-loreille\/\"><\/a><\/p>\n","protected":false},"author":6,"featured_media":310599,"comment_status":"closed","ping_status":"open","sticky":false,"template":"Default","format":"standard","meta":{"footnotes":""},"categories":[14],"tags":[],"class_list":["post-310598","post","type-post","status-publish","format-standard","has-post-thumbnail","hentry","category-frandroid"],"_links":{"self":[{"href":"https:\/\/www.evearly.news\/fr\/wp-json\/wp\/v2\/posts\/310598","targetHints":{"allow":["GET"]}}],"collection":[{"href":"https:\/\/www.evearly.news\/fr\/wp-json\/wp\/v2\/posts"}],"about":[{"href":"https:\/\/www.evearly.news\/fr\/wp-json\/wp\/v2\/types\/post"}],"author":[{"embeddable":true,"href":"https:\/\/www.evearly.news\/fr\/wp-json\/wp\/v2\/users\/6"}],"replies":[{"embeddable":true,"href":"https:\/\/www.evearly.news\/fr\/wp-json\/wp\/v2\/comments?post=310598"}],"version-history":[{"count":0,"href":"https:\/\/www.evearly.news\/fr\/wp-json\/wp\/v2\/posts\/310598\/revisions"}],"wp:featuredmedia":[{"embeddable":true,"href":"https:\/\/www.evearly.news\/fr\/wp-json\/wp\/v2\/media\/310599"}],"wp:attachment":[{"href":"https:\/\/www.evearly.news\/fr\/wp-json\/wp\/v2\/media?parent=310598"}],"wp:term":[{"taxonomy":"category","embeddable":true,"href":"https:\/\/www.evearly.news\/fr\/wp-json\/wp\/v2\/categories?post=310598"},{"taxonomy":"post_tag","embeddable":true,"href":"https:\/\/www.evearly.news\/fr\/wp-json\/wp\/v2\/tags?post=310598"}],"curies":[{"name":"wp","href":"https:\/\/api.w.org\/{rel}","templated":true}]}}