{"id":310602,"date":"2025-10-15T18:50:05","date_gmt":"2025-10-15T16:50:05","guid":{"rendered":"https:\/\/www.evearly.news\/fr\/citroen-baisse-encore-le-prix-de-ses-modeles-eligibles-au-leasing-social-la-e-c3-a-82-e-par-mois\/"},"modified":"2025-10-15T18:50:05","modified_gmt":"2025-10-15T16:50:05","slug":"citroen-baisse-encore-le-prix-de-ses-modeles-eligibles-au-leasing-social-la-e-c3-a-82-e-par-mois","status":"publish","type":"post","link":"https:\/\/www.evearly.news\/fr\/citroen-baisse-encore-le-prix-de-ses-modeles-eligibles-au-leasing-social-la-e-c3-a-82-e-par-mois\/","title":{"rendered":"Citro\u00ebn baisse encore le prix de ses mod\u00e8les \u00e9ligibles au leasing social, la \u00eb-C3 \u00e0 82 \u20ac par mois !"},"content":{"rendered":"<p><img decoding=\"async\" src=\"https:\/\/www.evearly.news\/fr\/wp-content\/uploads\/sites\/6\/2025\/10\/citroen-baisse-encore-le-prix-de-ses-modeles-eligibles-au-leasing-social-la-e-c3-a-82-e-par-mois.webp\" alt=\"auto-moto\"><br \/>Deux semaines apr\u00e8s l\u2019ouverture des commandes li\u00e9es au leasing social, Citro\u00ebn frappe \u00e0 nouveau avec une offre ajust\u00e9e, encore plus accessible. En supprimant la peinture m\u00e9tallis\u00e9e de ses \u00eb-C3 et \u00eb-C3 Aircross, les deux mod\u00e8les grapillent encore quelques euros avec respectivement 82 \u20ac et 106 \u20ac mensuels. <a href=https:\/\/www.auto-moto.com\/electrique\/citroen-leasing-social-promo-65053 target=blank>Lire la suite&#8230;<\/a><\/p>\n","protected":false},"excerpt":{"rendered":"<p>Deux semaines apr\u00e8s l\u2019ouverture des commandes li\u00e9es au leasing social, Citro\u00ebn frappe \u00e0 nouveau avec une offre ajust\u00e9e, encore plus accessible. En supprimant la peinture m\u00e9tallis\u00e9e de ses \u00eb-C3 et \u00eb-C3 Aircross, les deux mod\u00e8les grapillent encore quelques euros avec respectivement 82 \u20ac et 106 \u20ac mensuels&#8230;. <a class=\"continue-reading-link\" href=\"https:\/\/www.evearly.news\/fr\/citroen-baisse-encore-le-prix-de-ses-modeles-eligibles-au-leasing-social-la-e-c3-a-82-e-par-mois\/\"><\/a><\/p>\n","protected":false},"author":9,"featured_media":310603,"comment_status":"closed","ping_status":"open","sticky":false,"template":"Default","format":"standard","meta":{"footnotes":""},"categories":[10],"tags":[],"class_list":["post-310602","post","type-post","status-publish","format-standard","has-post-thumbnail","hentry","category-auto-moto-com"],"_links":{"self":[{"href":"https:\/\/www.evearly.news\/fr\/wp-json\/wp\/v2\/posts\/310602","targetHints":{"allow":["GET"]}}],"collection":[{"href":"https:\/\/www.evearly.news\/fr\/wp-json\/wp\/v2\/posts"}],"about":[{"href":"https:\/\/www.evearly.news\/fr\/wp-json\/wp\/v2\/types\/post"}],"author":[{"embeddable":true,"href":"https:\/\/www.evearly.news\/fr\/wp-json\/wp\/v2\/users\/9"}],"replies":[{"embeddable":true,"href":"https:\/\/www.evearly.news\/fr\/wp-json\/wp\/v2\/comments?post=310602"}],"version-history":[{"count":0,"href":"https:\/\/www.evearly.news\/fr\/wp-json\/wp\/v2\/posts\/310602\/revisions"}],"wp:featuredmedia":[{"embeddable":true,"href":"https:\/\/www.evearly.news\/fr\/wp-json\/wp\/v2\/media\/310603"}],"wp:attachment":[{"href":"https:\/\/www.evearly.news\/fr\/wp-json\/wp\/v2\/media?parent=310602"}],"wp:term":[{"taxonomy":"category","embeddable":true,"href":"https:\/\/www.evearly.news\/fr\/wp-json\/wp\/v2\/categories?post=310602"},{"taxonomy":"post_tag","embeddable":true,"href":"https:\/\/www.evearly.news\/fr\/wp-json\/wp\/v2\/tags?post=310602"}],"curies":[{"name":"wp","href":"https:\/\/api.w.org\/{rel}","templated":true}]}}